{"id":116776,"date":"2017-07-11T00:06:07","date_gmt":"2017-07-11T03:06:07","guid":{"rendered":"https:\/\/www.redenoticia.com.br\/noticia\/?p=116776"},"modified":"2017-07-10T15:49:11","modified_gmt":"2017-07-10T18:49:11","slug":"aprovados-no-vestibulinho-da-etec-ja-podem-fazer-matricula","status":"publish","type":"post","link":"https:\/\/migracao.redenoticia.com.br\/noticia\/2017\/aprovados-no-vestibulinho-da-etec-ja-podem-fazer-matricula\/116776","title":{"rendered":"Aprovados no vestibulinho da Etec j\u00e1 podem fazer matr\u00edcula"},"content":{"rendered":"<p> Os aprovados em convoca\u00e7\u00e3o da primeira lista do <strong><em>\u201cvestibulinho\u201d da Escolas T\u00e9cnicas (Etec)<\/em><\/strong> do \u00a0Centro Paula Souza podem fazer a matr\u00edcula at\u00e9 a pr\u00f3xima quarta-feira (12). A lista dos classificados est\u00e1 no site\u00a0\u00a0\u00a0e na unidade em que o candidato deseja estudar.<\/p>\n<p>As vagas para o segundo semestre de 2017 s\u00e3o para os cursos do Ensino T\u00e9cnico (presencial, semipresencial e online); T\u00e9cnico Integrado ao M\u00e9dio na modalidade EJA (Ensino de Jovens e Adultos); Especializa\u00e7\u00e3o T\u00e9cnica e para acesso \u00e0s vagas remanescentes do segundo m\u00f3dulo dos cursos t\u00e9cnicos.<\/p>\n<p>As listas de convoca\u00e7\u00e3o s\u00f3 ser\u00e3o divulgadas nas unidades de ensino. Os convocados devem fazer a matr\u00edcula nas seguintes datas e hor\u00e1rios: dias 10 a 12 de julho (1\u00aa lista de convoca\u00e7\u00e3o e matr\u00edcula), 13, 14 e 17 de julho (2\u00aa lista de convocados e matr\u00edcula) e 18 de julho (3\u00aa lista de convocados e matr\u00edcula).<\/p>\n<p>Acesse para mais informa\u00e7\u00f5es ou informe-se pelo telefone (11) 3471-4071 (capital e Grande S\u00e3o Paulo) e 0800-772 2829 (para as demais localidades).<\/p>\n<p>Do Portal do Governo SP<\/p>\n","protected":false},"excerpt":{"rendered":"<p>Os aprovados em convoca\u00e7\u00e3o da primeira lista do \u201cvestibulinho\u201d da Escolas T\u00e9cnicas (Etec) do \u00a0Centro Paula Souza podem fazer a matr\u00edcula at\u00e9 a pr\u00f3xima quarta-feira (12). A lista dos classificados est\u00e1 no site\u00a0\u00a0\u00a0e na unidade em que o candidato deseja estudar. As vagas para o segundo semestre de 2017 s\u00e3o para os cursos do Ensino [&hellip;]<\/p>\n","protected":false},"author":2,"featured_media":36244,"comment_status":"open","ping_status":"closed","sticky":false,"template":"","format":"standard","meta":{"tdm_status":"","tdm_grid_status":"","footnotes":""},"categories":[22,370,295],"tags":[],"class_list":{"0":"post-116776","1":"post","2":"type-post","3":"status-publish","4":"format-standard","5":"has-post-thumbnail","7":"category-brasil","8":"category-inscricao","9":"category-vestibular"},"_links":{"self":[{"href":"https:\/\/migracao.redenoticia.com.br\/noticia\/wp-json\/wp\/v2\/posts\/116776","targetHints":{"allow":["GET"]}}],"collection":[{"href":"https:\/\/migracao.redenoticia.com.br\/noticia\/wp-json\/wp\/v2\/posts"}],"about":[{"href":"https:\/\/migracao.redenoticia.com.br\/noticia\/wp-json\/wp\/v2\/types\/post"}],"author":[{"embeddable":true,"href":"https:\/\/migracao.redenoticia.com.br\/noticia\/wp-json\/wp\/v2\/users\/2"}],"replies":[{"embeddable":true,"href":"https:\/\/migracao.redenoticia.com.br\/noticia\/wp-json\/wp\/v2\/comments?post=116776"}],"version-history":[{"count":0,"href":"https:\/\/migracao.redenoticia.com.br\/noticia\/wp-json\/wp\/v2\/posts\/116776\/revisions"}],"wp:featuredmedia":[{"embeddable":true,"href":"https:\/\/migracao.redenoticia.com.br\/noticia\/wp-json\/wp\/v2\/media\/36244"}],"wp:attachment":[{"href":"https:\/\/migracao.redenoticia.com.br\/noticia\/wp-json\/wp\/v2\/media?parent=116776"}],"wp:term":[{"taxonomy":"category","embeddable":true,"href":"https:\/\/migracao.redenoticia.com.br\/noticia\/wp-json\/wp\/v2\/categories?post=116776"},{"taxonomy":"post_tag","embeddable":true,"href":"https:\/\/migracao.redenoticia.com.br\/noticia\/wp-json\/wp\/v2\/tags?post=116776"}],"curies":[{"name":"wp","href":"https:\/\/api.w.org\/{rel}","templated":true}]}}