{"id":116794,"date":"2017-07-10T16:37:12","date_gmt":"2017-07-10T19:37:12","guid":{"rendered":"https:\/\/www.redenoticia.com.br\/noticia\/?p=116794"},"modified":"2017-07-10T16:37:12","modified_gmt":"2017-07-10T19:37:12","slug":"resumo-novela-o-que-a-vida-me-roubou-1107-montserrat-suplica-pela-vida-de-alessandro","status":"publish","type":"post","link":"https:\/\/migracao.redenoticia.com.br\/noticia\/2017\/resumo-novela-o-que-a-vida-me-roubou-1107-montserrat-suplica-pela-vida-de-alessandro\/116794","title":{"rendered":"Resumo novela \u201cO Que A Vida Me Roubou\u201d 11\/07: Montserrat suplica pela vida de Alessandro"},"content":{"rendered":"<p><img loading=\"lazy\" decoding=\"async\" src=\"https:\/\/migracao.redenoticia.com.br\/noticia\/imagens\/o-que-a-vida-me-roubou-novela-resumo-sbt-150x112.jpg\" alt=\"\" width=\"150\" height=\"112\" class=\"alignleft size-thumbnail wp-image-105656\" srcset=\"https:\/\/migracao.redenoticia.com.br\/noticia\/imagens\/o-que-a-vida-me-roubou-novela-resumo-sbt-150x112.jpg 150w, https:\/\/migracao.redenoticia.com.br\/noticia\/imagens\/o-que-a-vida-me-roubou-novela-resumo-sbt-265x198.jpg 265w\" sizes=\"auto, (max-width: 150px) 100vw, 150px\" \/><strong><em>Resumo novela \u201cO Que A Vida Me Roubou\u201d 11\/07<\/em><\/strong>: no cap\u00edtulo 117(*) da novela \u201cO Que A Vida Me Roubou\u201d, resumo de ter\u00e7a-feira, 11 de julho, Jose Luis diz a Maria que ela acaba de assinar o atestado de \u00f3bito de Alessandro. Maria afirma que desde que ele tamb\u00e9m mate Montserrat, est\u00e1 tudo certo. Ros\u00e1rio se angustia quando Maria lhe diz que Jos\u00e9 Luis j\u00e1 sabe que Montserrat est\u00e1 se encontrando com Alessandro e uma trag\u00e9dia est\u00e1 a ponto de ocorrer. Alessandro conta a Montserrat que estava cego pelo ci\u00fames quando aceitou passar uma noite com Maria em troca de seu testamento, mas se arrependeu e percebeu que jamais seria capaz de ficar com ela. Alessandro e Montserrat falam sobre Maria e ela diz-lhe que a jovem j\u00e1 n\u00e3o tem o testamento. Alessandro afirma para Montserrat que para serem felizes precisam estar juntos e lutarem por este mesmo objetivo. Montserrat quer encontrar-se com Sandro, mas Alessandro teme que seja uma armadilha. Com a ajuda de Adolfo, Nadia consegue falar com Victor. Ele diz am\u00e1-la e que far\u00e1 todo o necess\u00e1rio para que estejam juntos novamente. Ros\u00e1rio angustiada telefona para a casa de Josefina e lhe diz que Jos\u00e9 Luis j\u00e1 sabe que Alessandro e Montserrat est\u00e3o juntos e certamente ir\u00e1 mata-los. Chorando ela suplica a Josefina que n\u00e3o permita que isso aconte\u00e7a. Josefina promete a Ros\u00e1rio que ir\u00e1 avis\u00e1-los o mais r\u00e1pido poss\u00edvel. Comparsas de Medina chegam \u00e0 casa de Fabiola para limp\u00e1-la e desaparecer com o corpo de Sandro. Graziela se surpreende ao ver que um deles \u00e9 Adolfo. Carlota fica surpresa quando Graziela confessa que Fabiola \u00e9 sua filha. Jos\u00e9 Luis chega ao hotel onde est\u00e3o Alessandro e Montserrat. Jose mostra uma foto ao empregado do hotel e este o diz que o casal da foto se encontra todos os dias naquele local. Jos\u00e9 Luis entra no quarto de Alessandro e Montserrat e os encontra fazendo amor. Furioso, ele amea\u00e7a Alessandro com uma arma e diz que ir\u00e1 mat\u00e1-lo. Montserrat suplica para que ele n\u00e3o o fa\u00e7a. Maria chora ao pensar que Alessandro j\u00e1 deve estar morto. Alessandro diz a Jose que Montserrat se casou apenas por acreditar que ele estava morto, e n\u00e3o por amor. Montserrat suplica a Jos\u00e9 que os deixe em paz, pois o que sente por Alessandro \u00e9 maior at\u00e9 de que seus princ\u00edpios.<\/p>\n<p>(*) edi\u00e7\u00e3o do SBT, Novela \u201cO Que A Vida Me Roubou\u201d, sujeito a altera\u00e7\u00e3o de data e conte\u00fado.<\/p>\n<p>Lo que la vida me rob\u00f3 (no Brasil, O Que a Vida Me Roubou) \u00e9 uma telenovela mexicana produzida por Angelli Nesma Medina para Televisa e exibida pelo Canal de las Estrellas entre 28 de outubro de 2013 e 27 de julho de 2014 em 196 cap\u00edtulos, substituindo La tempestad e sendo substitu\u00edda por Hasta el fin del mundo. A original \u00e9 de Caridad Bravo Adams, sendo esta um remake modernizado das novelas Bodas de odio e Amor real, produzidas em 1983 e 2003, respectivamente. Tem Angelique Boyer, Sebasti\u00e1n Rulli, Luis Roberto Guzm\u00e1n, Daniela Castro, Grettell Vald\u00e9z, Sergio Sendel e Lisset nos papeis principais.<\/p>\n","protected":false},"excerpt":{"rendered":"<p>Resumo novela \u201cO Que A Vida Me Roubou\u201d 11\/07: no cap\u00edtulo 117(*) da novela \u201cO Que A Vida Me Roubou\u201d, resumo de ter\u00e7a-feira, 11 de julho, Jose Luis diz a Maria que ela acaba de assinar o atestado de \u00f3bito de Alessandro. Maria afirma que desde que ele tamb\u00e9m mate Montserrat, est\u00e1 tudo certo. Ros\u00e1rio [&hellip;]<\/p>\n","protected":false},"author":4,"featured_media":105656,"comment_status":"open","ping_status":"closed","sticky":false,"template":"","format":"standard","meta":{"tdm_status":"","tdm_grid_status":"","footnotes":""},"categories":[379,372,343],"tags":[441],"class_list":{"0":"post-116794","1":"post","2":"type-post","3":"status-publish","4":"format-standard","5":"has-post-thumbnail","7":"category-novelas","8":"category-sbt","9":"category-televisao","10":"tag-resumo-do-dia"},"_links":{"self":[{"href":"https:\/\/migracao.redenoticia.com.br\/noticia\/wp-json\/wp\/v2\/posts\/116794","targetHints":{"allow":["GET"]}}],"collection":[{"href":"https:\/\/migracao.redenoticia.com.br\/noticia\/wp-json\/wp\/v2\/posts"}],"about":[{"href":"https:\/\/migracao.redenoticia.com.br\/noticia\/wp-json\/wp\/v2\/types\/post"}],"author":[{"embeddable":true,"href":"https:\/\/migracao.redenoticia.com.br\/noticia\/wp-json\/wp\/v2\/users\/4"}],"replies":[{"embeddable":true,"href":"https:\/\/migracao.redenoticia.com.br\/noticia\/wp-json\/wp\/v2\/comments?post=116794"}],"version-history":[{"count":0,"href":"https:\/\/migracao.redenoticia.com.br\/noticia\/wp-json\/wp\/v2\/posts\/116794\/revisions"}],"wp:featuredmedia":[{"embeddable":true,"href":"https:\/\/migracao.redenoticia.com.br\/noticia\/wp-json\/wp\/v2\/media\/105656"}],"wp:attachment":[{"href":"https:\/\/migracao.redenoticia.com.br\/noticia\/wp-json\/wp\/v2\/media?parent=116794"}],"wp:term":[{"taxonomy":"category","embeddable":true,"href":"https:\/\/migracao.redenoticia.com.br\/noticia\/wp-json\/wp\/v2\/categories?post=116794"},{"taxonomy":"post_tag","embeddable":true,"href":"https:\/\/migracao.redenoticia.com.br\/noticia\/wp-json\/wp\/v2\/tags?post=116794"}],"curies":[{"name":"wp","href":"https:\/\/api.w.org\/{rel}","templated":true}]}}