{"id":116801,"date":"2017-07-10T16:39:50","date_gmt":"2017-07-10T19:39:50","guid":{"rendered":"https:\/\/www.redenoticia.com.br\/noticia\/?p=116801"},"modified":"2017-07-10T16:39:50","modified_gmt":"2017-07-10T19:39:50","slug":"resumo-novela-carinha-de-anjo-1107-gustavo-surpreende-dulce-maria","status":"publish","type":"post","link":"https:\/\/migracao.redenoticia.com.br\/noticia\/2017\/resumo-novela-carinha-de-anjo-1107-gustavo-surpreende-dulce-maria\/116801","title":{"rendered":"Resumo novela \u201cCarinha de Anjo\u201d 11\/07: Gustavo surpreende Dulce Maria"},"content":{"rendered":"<p><img loading=\"lazy\" decoding=\"async\" class=\"alignleft size-thumbnail wp-image-99331\" src=\"https:\/\/migracao.redenoticia.com.br\/noticia\/imagens\/carinha_de_anjo_sbt_novela_resumo_capitulo-150x112.jpg\" alt=\"carinha_de_anjo_sbt_novela_resumo_capitulo\" width=\"150\" height=\"112\" srcset=\"https:\/\/migracao.redenoticia.com.br\/noticia\/imagens\/carinha_de_anjo_sbt_novela_resumo_capitulo-150x112.jpg 150w, https:\/\/migracao.redenoticia.com.br\/noticia\/imagens\/carinha_de_anjo_sbt_novela_resumo_capitulo-265x198.jpg 265w\" sizes=\"auto, (max-width: 150px) 100vw, 150px\" \/><strong><em>Resumo novela \u201cCarinha de Anjo\u201d 11\/07<\/em><\/strong>: no cap\u00edtulo 167(*) da novela \u201cCarinha de Anjo\u201d, resumo de ter\u00e7a-feira, 11 de julho, Fabiana ensaia as amigas de Dulce para cantarem uma can\u00e7\u00e3o para a carinha de anjo. No patio, os rapazes fazem os preparativos para a festa surpresa pra Dulce Maria. A novi\u00e7a Cec\u00edlia entrega um presente para Dulce Maria. Os pais de Frida aparecem e criticam a Madre Superiora. A religiosa fica nervosa com a cobran\u00e7a e cancela a festa surpresa de Dulce Maria. Madre Superiora tamb\u00e9m presenteia a pequenina enquanto Cec\u00edlia e Fabiana avisam as demais pequeninas que a surpresa n\u00e3o poder\u00e1 mais ser feita. Crist\u00f3v\u00e3o contrata um buffet para uma surpresa para Dulce e sua fam\u00edlia. No internato, Dulce chora e pede pelo pai, quando \u00e9 surpreendida pela por Gustavo dizendo que lhe ama. Os dois se abra\u00e7am emocionados. Cec\u00edlia v\u00ea a rela\u00e7\u00e3o dos dois de longe e chora. Gustavo conta para a carinha de anjo que possui uma surpresa para ela. Silvestre conversa com Franciely emocionado e recontrata a cozinheira. \u201cEu tamb\u00e9m tive muita saudade de voc\u00ea\u201d, diz Silvestre. Madre Superiora chama Cec\u00edlia em sua sala e diz que o olhar da novi\u00e7a est\u00e1 diferente. Cec\u00edlia conta que rezou demais e que Deus mostrou para ela que tomou a decis\u00e3o que a vida dela toma um novo rumo. \u201cEu n\u00e3o perdi a minha f\u00e9, mas eu estou certa que eu n\u00e3o tenho voca\u00e7\u00e3o para a vida religiosa. Eu n\u00e3o quero mais ser freira. Vou deixar o internato e viver com a minha irm\u00e3. Recome\u00e7ar a viver\u201d, diz Cec\u00edlia deixando a Madre sem rea\u00e7\u00e3o.<\/p>\n<p>(*) edi\u00e7\u00e3o do SBT, Novela \u201cCarinha de Anjo\u201d, sujeito a altera\u00e7\u00e3o de data e conte\u00fado.<\/p>\n<p>Carinha de Anjo \u00e9 uma telenovela brasileira produzida e exibida originalmente pelo SBT desde o dia 21 de novembro de 2016, substituindo o hor\u00e1rio anteriormente ocupado por C\u00famplices de um Resgate. A telenovela \u00e9 inspirada na mexicana Carita de \u00e1ngel, que, por sua vez, \u00e9 um remake de Mundo de juguete, ambas produzidas pela Televisa e que haviam sido baseadas na trama argentina escrita por Abel Santa Cruz, Pap\u00e1 coraz\u00f3n. Esta ser\u00e1 a segunda adapta\u00e7\u00e3o brasileira da obra original argentina, visto que a Rede Tupi apresentou em 1976 a sua primeira vers\u00e3o, chamada de Papai Cora\u00e7\u00e3o. A nova vers\u00e3o \u00e9 escrita por Leonor Corr\u00eaa, com supervis\u00e3o de \u00cdris Abravanel e dire\u00e7\u00e3o geral de Ricardo Mantoanelli. A trama conta com Lorena Queiroz, Bia Arantes, Carlo Porto, Priscila Sol, Dani Gondim, Karin Hils, Eliana Guttman e Lucero nos pap\u00e9is principais.<\/p>\n","protected":false},"excerpt":{"rendered":"<p>Resumo novela \u201cCarinha de Anjo\u201d 11\/07: no cap\u00edtulo 167(*) da novela \u201cCarinha de Anjo\u201d, resumo de ter\u00e7a-feira, 11 de julho, Fabiana ensaia as amigas de Dulce para cantarem uma can\u00e7\u00e3o para a carinha de anjo. No patio, os rapazes fazem os preparativos para a festa surpresa pra Dulce Maria. A novi\u00e7a Cec\u00edlia entrega um presente [&hellip;]<\/p>\n","protected":false},"author":4,"featured_media":99331,"comment_status":"open","ping_status":"closed","sticky":false,"template":"","format":"standard","meta":{"tdm_status":"","tdm_grid_status":"","footnotes":""},"categories":[452,379,372,343],"tags":[441],"class_list":{"0":"post-116801","1":"post","2":"type-post","3":"status-publish","4":"format-standard","5":"has-post-thumbnail","7":"category-carinha-de-anjo","8":"category-novelas","9":"category-sbt","10":"category-televisao","11":"tag-resumo-do-dia"},"_links":{"self":[{"href":"https:\/\/migracao.redenoticia.com.br\/noticia\/wp-json\/wp\/v2\/posts\/116801","targetHints":{"allow":["GET"]}}],"collection":[{"href":"https:\/\/migracao.redenoticia.com.br\/noticia\/wp-json\/wp\/v2\/posts"}],"about":[{"href":"https:\/\/migracao.redenoticia.com.br\/noticia\/wp-json\/wp\/v2\/types\/post"}],"author":[{"embeddable":true,"href":"https:\/\/migracao.redenoticia.com.br\/noticia\/wp-json\/wp\/v2\/users\/4"}],"replies":[{"embeddable":true,"href":"https:\/\/migracao.redenoticia.com.br\/noticia\/wp-json\/wp\/v2\/comments?post=116801"}],"version-history":[{"count":0,"href":"https:\/\/migracao.redenoticia.com.br\/noticia\/wp-json\/wp\/v2\/posts\/116801\/revisions"}],"wp:featuredmedia":[{"embeddable":true,"href":"https:\/\/migracao.redenoticia.com.br\/noticia\/wp-json\/wp\/v2\/media\/99331"}],"wp:attachment":[{"href":"https:\/\/migracao.redenoticia.com.br\/noticia\/wp-json\/wp\/v2\/media?parent=116801"}],"wp:term":[{"taxonomy":"category","embeddable":true,"href":"https:\/\/migracao.redenoticia.com.br\/noticia\/wp-json\/wp\/v2\/categories?post=116801"},{"taxonomy":"post_tag","embeddable":true,"href":"https:\/\/migracao.redenoticia.com.br\/noticia\/wp-json\/wp\/v2\/tags?post=116801"}],"curies":[{"name":"wp","href":"https:\/\/api.w.org\/{rel}","templated":true}]}}