{"id":116805,"date":"2017-07-10T16:40:54","date_gmt":"2017-07-10T19:40:54","guid":{"rendered":"https:\/\/www.redenoticia.com.br\/noticia\/?p=116805"},"modified":"2017-07-10T16:40:54","modified_gmt":"2017-07-10T19:40:54","slug":"resumo-novela-chiquititas-1107-carmem-descobre-que-mili-e-neta-de-jose-ricardo","status":"publish","type":"post","link":"https:\/\/migracao.redenoticia.com.br\/noticia\/2017\/resumo-novela-chiquititas-1107-carmem-descobre-que-mili-e-neta-de-jose-ricardo\/116805","title":{"rendered":"Resumo novela \u201cChiquititas\u201d 11\/07: Carmem descobre que Mili \u00e9 neta de Jos\u00e9 Ricardo"},"content":{"rendered":"<p><img loading=\"lazy\" decoding=\"async\" class=\"alignleft size-thumbnail wp-image-49690\" src=\"https:\/\/migracao.redenoticia.com.br\/noticia\/imagens\/chiquititas1-150x112.jpg\" alt=\"chiquititas\" width=\"150\" height=\"112\" \/><strong><em>Resumo novela \u201cChiquititas\u201d 11\/07<\/em><\/strong>: no cap\u00edtulo 216(*) da novela \u201cChiquititas\u201d, resumo de ter\u00e7a-feira, 11 de julho, Carmen e Armando v\u00e3o juntos para a presid\u00eancia do Caf\u00e9 Boutique. Carmen entra escondida na sala de Jos\u00e9 Ricardo para procurar o testamento. A vil\u00e3 encontra uma c\u00f3pia e n\u00e3o gosta de saber que n\u00e3o tem nada para ela e que 50% da heran\u00e7a ser\u00e1 de Mili, neta de Jos\u00e9 Ricardo. Carmen fica chocada ao descobrir que Mili \u00e9 filha de Gabriela e que seu irm\u00e3o, Jos\u00e9 Ricardo, mentiu para ela esse tempo todo. Carmen esbraveja sozinha que Mili jamais receber\u00e1 a heran\u00e7a. Os assaltantes da casa vizinha entram no orfanato. Eles fingem ser t\u00e9cnicos de uma rede de TV a cabo, que ir\u00e1 instalar o servi\u00e7o de gra\u00e7a no orfanato, por\u00e9m, a real inten\u00e7\u00e3o deles \u00e9 roubar o local. Maria v\u00ea os dois e, com medo, corre para o quarto com a boneca Laura. Gabriela se recupera na casa de Joaquim e Elisa. Heitor vai ao orfanato cobrar que devolvam o rel\u00f3gio, Maria consegue provar que os bandidos \u2013 que est\u00e3o disfar\u00e7ados de t\u00e9cnicos de TV a cabo \u2013 s\u00e3o os verdadeiros culpados e est\u00e3o com o rel\u00f3gio de Heitor. Os homens s\u00e3o presos. Heitor pede desculpa para todas as chiquititas. O capanga de Jos\u00e9 Ricardo vai a casa de Elisa e Joaquim atr\u00e1s de Gabriela. Joaquim ajuda a mulher a se esconder e diz que n\u00e3o viu Gabi. Passado o susto, Gabriela diz que ainda n\u00e3o se lembra de nada, mas ao ver o carro do capanga sentiu uma sensa\u00e7\u00e3o ruim.<\/p>\n<p>(*) edi\u00e7\u00e3o do SBT, Novela \u201cChiquititas\u201d, sujeito a altera\u00e7\u00e3o de data e conte\u00fado.<\/p>\n<p>Chiquititas gira em torno do orfanato Raio de Luz, que carrega em sua hist\u00f3ria um grande segredo envolvendo a fam\u00edlia e o dono do orfanato, Dr. Jos\u00e9 Ricardo Almeida Campos. Em um per\u00edodo anterior \u00e0 novela, exatos treze anos, sua filha Gabriela se apaixonou e ficou gr\u00e1vida de Miguel, filho de Valentina, empregada da casa dos Almeida Campos. Pouco depois, Jos\u00e9 Ricardo sequestrou sua neta, pois, como um homem conservador, ele n\u00e3o aceitava a ideia de que sua filha se envolvesse com um empregado. Como sua neta, Milena, apelidada como Mili, precisava de um lugar para morar, ele comprou um casar\u00e3o e fundou um orfanato, o Raio de Luz. Mili cresceu l\u00e1 com outras garotas que chegaram posteriormente: Bia, Ana, as irm\u00e3s Tati e Vivi, e Cris. Ao decorrer dos anos, elas se tornam uma fam\u00edlia. Elas s\u00e3o supervisionadas por Ernestina, zeladora do orfanato, e Chico, o cozinheiro amado pelas internas. Sofia, ex-governanta da fam\u00edlia Almeida Campos, \u00e9 a diretora do lugar, at\u00e9 que Carmem, irm\u00e3 de Jos\u00e9 Ricardo, entre em seu lugar. Chegam ainda mais \u00f3rf\u00e3os: Pata, Mosca, Binho e Rafa, que viviam nas ruas antes de entrarem na institui\u00e7\u00e3o. Pata e Mili tornam-se amigas rapidamente, enquanto Mosca, Binho e Rafa s\u00e3o os primeiros garotos a entrar no abrigo. As crian\u00e7as sem-teto foram ajudadas por uma doce e bela garota que tocam e mudam a vida delas, assim como as das garotas \u00f3rf\u00e3s.<\/p>\n","protected":false},"excerpt":{"rendered":"<p>Resumo novela \u201cChiquititas\u201d 11\/07: no cap\u00edtulo 216(*) da novela \u201cChiquititas\u201d, resumo de ter\u00e7a-feira, 11 de julho, Carmen e Armando v\u00e3o juntos para a presid\u00eancia do Caf\u00e9 Boutique. Carmen entra escondida na sala de Jos\u00e9 Ricardo para procurar o testamento. A vil\u00e3 encontra uma c\u00f3pia e n\u00e3o gosta de saber que n\u00e3o tem nada para ela [&hellip;]<\/p>\n","protected":false},"author":4,"featured_media":49690,"comment_status":"open","ping_status":"closed","sticky":false,"template":"","format":"standard","meta":{"tdm_status":"","tdm_grid_status":"","footnotes":""},"categories":[409,379,372,343],"tags":[441],"class_list":{"0":"post-116805","1":"post","2":"type-post","3":"status-publish","4":"format-standard","5":"has-post-thumbnail","7":"category-chiquititas","8":"category-novelas","9":"category-sbt","10":"category-televisao","11":"tag-resumo-do-dia"},"_links":{"self":[{"href":"https:\/\/migracao.redenoticia.com.br\/noticia\/wp-json\/wp\/v2\/posts\/116805","targetHints":{"allow":["GET"]}}],"collection":[{"href":"https:\/\/migracao.redenoticia.com.br\/noticia\/wp-json\/wp\/v2\/posts"}],"about":[{"href":"https:\/\/migracao.redenoticia.com.br\/noticia\/wp-json\/wp\/v2\/types\/post"}],"author":[{"embeddable":true,"href":"https:\/\/migracao.redenoticia.com.br\/noticia\/wp-json\/wp\/v2\/users\/4"}],"replies":[{"embeddable":true,"href":"https:\/\/migracao.redenoticia.com.br\/noticia\/wp-json\/wp\/v2\/comments?post=116805"}],"version-history":[{"count":0,"href":"https:\/\/migracao.redenoticia.com.br\/noticia\/wp-json\/wp\/v2\/posts\/116805\/revisions"}],"wp:featuredmedia":[{"embeddable":true,"href":"https:\/\/migracao.redenoticia.com.br\/noticia\/wp-json\/wp\/v2\/media\/49690"}],"wp:attachment":[{"href":"https:\/\/migracao.redenoticia.com.br\/noticia\/wp-json\/wp\/v2\/media?parent=116805"}],"wp:term":[{"taxonomy":"category","embeddable":true,"href":"https:\/\/migracao.redenoticia.com.br\/noticia\/wp-json\/wp\/v2\/categories?post=116805"},{"taxonomy":"post_tag","embeddable":true,"href":"https:\/\/migracao.redenoticia.com.br\/noticia\/wp-json\/wp\/v2\/tags?post=116805"}],"curies":[{"name":"wp","href":"https:\/\/api.w.org\/{rel}","templated":true}]}}