{"id":116817,"date":"2017-07-10T16:46:55","date_gmt":"2017-07-10T19:46:55","guid":{"rendered":"https:\/\/www.redenoticia.com.br\/noticia\/?p=116817"},"modified":"2017-07-10T16:46:55","modified_gmt":"2017-07-10T19:46:55","slug":"resumo-novela-novo-mundo-1107-thomas-e-seus-jaguncos-se-aproximam-da-aldeia-tucare","status":"publish","type":"post","link":"https:\/\/migracao.redenoticia.com.br\/noticia\/2017\/resumo-novela-novo-mundo-1107-thomas-e-seus-jaguncos-se-aproximam-da-aldeia-tucare\/116817","title":{"rendered":"Resumo novela \u201cNovo Mundo\u201d 11\/07: Thomas e seus jagun\u00e7os se aproximam da aldeia Tucar\u00e9"},"content":{"rendered":"<p><img loading=\"lazy\" decoding=\"async\" class=\"alignleft size-thumbnail wp-image-107950\" src=\"https:\/\/migracao.redenoticia.com.br\/noticia\/imagens\/novo_mundo_novela_resumo_globo-150x112.jpg\" alt=\"\" width=\"150\" height=\"112\" srcset=\"https:\/\/migracao.redenoticia.com.br\/noticia\/imagens\/novo_mundo_novela_resumo_globo-150x112.jpg 150w, https:\/\/migracao.redenoticia.com.br\/noticia\/imagens\/novo_mundo_novela_resumo_globo-265x198.jpg 265w\" sizes=\"auto, (max-width: 150px) 100vw, 150px\" \/><strong><em>Resumo novela \u201cNovo Mundo\u201d 11\/07<\/em><\/strong>: no cap\u00edtulo 096(*) da novela \u201cNovo Mundo\u201d, resumo de ter\u00e7a-feira, 11 de julho, Joaquim se entristece com a mentira de Anna. Thomas manda Francisco escolher soldados para irem com ele at\u00e9 a reserva ind\u00edgena e Liu ouve. Licurgo e Germana usam seu novo fog\u00e3o como atra\u00e7\u00e3o para ganhar dinheiro. Sebasti\u00e3o avisa a Cec\u00edlia que Orozimbo ficou vi\u00favo. Tibiri\u00e7\u00e1 aceita casar Piat\u00e3 e Jacira. Dalila faz previs\u00f5es sobre Narcisa, com a ajuda de Hugo. Greta finge gostar de Diara. Domitila confessa seus planos a Francisco. O verdadeiro comandante Maximiliano chega ao Rio de Janeiro. Joaquim e Anna decidem adiar a partida por causa do casamento de Piat\u00e3 e Jacira. Thomas e seus jagun\u00e7os se aproximam da aldeia Tucar\u00e9. Domitila aparece no Pa\u00e7o para a cerim\u00f4nia a Dom Pedro, com o mesmo colar usado por Leopoldina<\/p>\n<p>(*) edi\u00e7\u00e3o da Rede Globo, Novela \u201cNovo Mundo\u201d, sujeito a altera\u00e7\u00e3o de data e conte\u00fado.<\/p>\n<p>Novo Mundo \u00e9 uma telenovela brasileira produzida pela Rede Globo. Escrita por Thereza Falc\u00e3o e Alessandro Marson, conta com dire\u00e7\u00e3o art\u00edstica de Vin\u00edcius Coimbra. Conta com as participa\u00e7\u00f5es de Isabelle Drummond, Chay Suede, Caio Castro, Let\u00edcia Colin, Leo Jaime, D\u00e9bora Olivieri, Rodrigo Simas, Giullia Buscacio, Vivianne Pasmanter, Guilherme Piva, R\u00f4mulo Estrela, Agatha Moreira, Luisa Micheletti, Gabriel Braga Nunes, e Ingrid Guimar\u00e3es.<\/p>\n","protected":false},"excerpt":{"rendered":"<p>Resumo novela \u201cNovo Mundo\u201d 11\/07: no cap\u00edtulo 096(*) da novela \u201cNovo Mundo\u201d, resumo de ter\u00e7a-feira, 11 de julho, Joaquim se entristece com a mentira de Anna. Thomas manda Francisco escolher soldados para irem com ele at\u00e9 a reserva ind\u00edgena e Liu ouve. Licurgo e Germana usam seu novo fog\u00e3o como atra\u00e7\u00e3o para ganhar dinheiro. Sebasti\u00e3o [&hellip;]<\/p>\n","protected":false},"author":4,"featured_media":107950,"comment_status":"open","ping_status":"closed","sticky":false,"template":"","format":"standard","meta":{"tdm_status":"","tdm_grid_status":"","footnotes":""},"categories":[379,375,343],"tags":[441],"class_list":{"0":"post-116817","1":"post","2":"type-post","3":"status-publish","4":"format-standard","5":"has-post-thumbnail","7":"category-novelas","8":"category-rede-globo","9":"category-televisao","10":"tag-resumo-do-dia"},"_links":{"self":[{"href":"https:\/\/migracao.redenoticia.com.br\/noticia\/wp-json\/wp\/v2\/posts\/116817","targetHints":{"allow":["GET"]}}],"collection":[{"href":"https:\/\/migracao.redenoticia.com.br\/noticia\/wp-json\/wp\/v2\/posts"}],"about":[{"href":"https:\/\/migracao.redenoticia.com.br\/noticia\/wp-json\/wp\/v2\/types\/post"}],"author":[{"embeddable":true,"href":"https:\/\/migracao.redenoticia.com.br\/noticia\/wp-json\/wp\/v2\/users\/4"}],"replies":[{"embeddable":true,"href":"https:\/\/migracao.redenoticia.com.br\/noticia\/wp-json\/wp\/v2\/comments?post=116817"}],"version-history":[{"count":0,"href":"https:\/\/migracao.redenoticia.com.br\/noticia\/wp-json\/wp\/v2\/posts\/116817\/revisions"}],"wp:featuredmedia":[{"embeddable":true,"href":"https:\/\/migracao.redenoticia.com.br\/noticia\/wp-json\/wp\/v2\/media\/107950"}],"wp:attachment":[{"href":"https:\/\/migracao.redenoticia.com.br\/noticia\/wp-json\/wp\/v2\/media?parent=116817"}],"wp:term":[{"taxonomy":"category","embeddable":true,"href":"https:\/\/migracao.redenoticia.com.br\/noticia\/wp-json\/wp\/v2\/categories?post=116817"},{"taxonomy":"post_tag","embeddable":true,"href":"https:\/\/migracao.redenoticia.com.br\/noticia\/wp-json\/wp\/v2\/tags?post=116817"}],"curies":[{"name":"wp","href":"https:\/\/api.w.org\/{rel}","templated":true}]}}