{"id":116856,"date":"2017-07-11T16:32:06","date_gmt":"2017-07-11T19:32:06","guid":{"rendered":"https:\/\/www.redenoticia.com.br\/noticia\/?p=116856"},"modified":"2017-07-11T16:28:25","modified_gmt":"2017-07-11T19:28:25","slug":"resumo-novela-o-que-a-vida-me-roubou-1207-a-marinha-procura-por-alessandro","status":"publish","type":"post","link":"https:\/\/migracao.redenoticia.com.br\/noticia\/2017\/resumo-novela-o-que-a-vida-me-roubou-1207-a-marinha-procura-por-alessandro\/116856","title":{"rendered":"Resumo novela \u201cO Que A Vida Me Roubou\u201d 12\/07: a marinha procura por Alessandro"},"content":{"rendered":"<p> <img loading=\"lazy\" decoding=\"async\" src=\"https:\/\/migracao.redenoticia.com.br\/noticia\/imagens\/o-que-a-vida-me-roubou-novela-resumo-sbt-150x112.jpg\" alt=\"\" width=\"150\" height=\"112\" class=\"alignleft size-thumbnail wp-image-105656\" srcset=\"https:\/\/migracao.redenoticia.com.br\/noticia\/imagens\/o-que-a-vida-me-roubou-novela-resumo-sbt-150x112.jpg 150w, https:\/\/migracao.redenoticia.com.br\/noticia\/imagens\/o-que-a-vida-me-roubou-novela-resumo-sbt-265x198.jpg 265w\" sizes=\"auto, (max-width: 150px) 100vw, 150px\" \/><strong><em>Resumo novela \u201cO Que A Vida Me Roubou\u201d 12\/07<\/em><\/strong>: no cap\u00edtulo 118(*) da novela \u201cO Que A Vida Me Roubou\u201d, resumo de quarta-feira, 12 de julho, Maria diz a Adolfo que se Jos\u00e9 Lu\u00eds n\u00e3o matar Montserrat ser\u00e1 ela a faz\u00ea-lo. Adolfo descobre a arma que Maria usou para matar Sandro e confronta-a. Jos\u00e9 Lu\u00eds tenta fazer amor com Montserrat \u00e0 for\u00e7a. Ela rejeita-o e grita desesperada. Demetrio ajuda-a e acaba por andar \u00e0 pancada com Jos\u00e9 Lu\u00eds. Mac\u00e1rio e Ros\u00e1rio tamb\u00e9m v\u00e3o ajudar. Montserrat diz a Jos\u00e9 Lu\u00eds que tem de acalmar para conseguirem falar. Alessandro pede a Victor que lhe arranje uma arma. Montserrat pede a Jos\u00e9 Lu\u00eds que a deixe ir embora, mas ele n\u00e3o permite principalmente esperando um filho. Jos\u00e9 Lu\u00eds fala com M\u00f3nica e a marinha come\u00e7a a procurar Alessandro. Josefina e Demetrio envolvem-se.<\/p>\n<p>(*) edi\u00e7\u00e3o do SBT, Novela \u201cO Que A Vida Me Roubou\u201d, sujeito a altera\u00e7\u00e3o de data e conte\u00fado.<\/p>\n<p>Lo que la vida me rob\u00f3 (no Brasil, O Que a Vida Me Roubou) \u00e9 uma telenovela mexicana produzida por Angelli Nesma Medina para Televisa e exibida pelo Canal de las Estrellas entre 28 de outubro de 2013 e 27 de julho de 2014 em 196 cap\u00edtulos, substituindo La tempestad e sendo substitu\u00edda por Hasta el fin del mundo. A original \u00e9 de Caridad Bravo Adams, sendo esta um remake modernizado das novelas Bodas de odio e Amor real, produzidas em 1983 e 2003, respectivamente. Tem Angelique Boyer, Sebasti\u00e1n Rulli, Luis Roberto Guzm\u00e1n, Daniela Castro, Grettell Vald\u00e9z, Sergio Sendel e Lisset nos papeis principais.<\/p>\n","protected":false},"excerpt":{"rendered":"<p>Resumo novela \u201cO Que A Vida Me Roubou\u201d 12\/07: no cap\u00edtulo 118(*) da novela \u201cO Que A Vida Me Roubou\u201d, resumo de quarta-feira, 12 de julho, Maria diz a Adolfo que se Jos\u00e9 Lu\u00eds n\u00e3o matar Montserrat ser\u00e1 ela a faz\u00ea-lo. Adolfo descobre a arma que Maria usou para matar Sandro e confronta-a. Jos\u00e9 Lu\u00eds [&hellip;]<\/p>\n","protected":false},"author":2,"featured_media":105656,"comment_status":"open","ping_status":"closed","sticky":false,"template":"","format":"standard","meta":{"tdm_status":"","tdm_grid_status":"","footnotes":""},"categories":[379,372,343],"tags":[441],"class_list":{"0":"post-116856","1":"post","2":"type-post","3":"status-publish","4":"format-standard","5":"has-post-thumbnail","7":"category-novelas","8":"category-sbt","9":"category-televisao","10":"tag-resumo-do-dia"},"_links":{"self":[{"href":"https:\/\/migracao.redenoticia.com.br\/noticia\/wp-json\/wp\/v2\/posts\/116856","targetHints":{"allow":["GET"]}}],"collection":[{"href":"https:\/\/migracao.redenoticia.com.br\/noticia\/wp-json\/wp\/v2\/posts"}],"about":[{"href":"https:\/\/migracao.redenoticia.com.br\/noticia\/wp-json\/wp\/v2\/types\/post"}],"author":[{"embeddable":true,"href":"https:\/\/migracao.redenoticia.com.br\/noticia\/wp-json\/wp\/v2\/users\/2"}],"replies":[{"embeddable":true,"href":"https:\/\/migracao.redenoticia.com.br\/noticia\/wp-json\/wp\/v2\/comments?post=116856"}],"version-history":[{"count":0,"href":"https:\/\/migracao.redenoticia.com.br\/noticia\/wp-json\/wp\/v2\/posts\/116856\/revisions"}],"wp:featuredmedia":[{"embeddable":true,"href":"https:\/\/migracao.redenoticia.com.br\/noticia\/wp-json\/wp\/v2\/media\/105656"}],"wp:attachment":[{"href":"https:\/\/migracao.redenoticia.com.br\/noticia\/wp-json\/wp\/v2\/media?parent=116856"}],"wp:term":[{"taxonomy":"category","embeddable":true,"href":"https:\/\/migracao.redenoticia.com.br\/noticia\/wp-json\/wp\/v2\/categories?post=116856"},{"taxonomy":"post_tag","embeddable":true,"href":"https:\/\/migracao.redenoticia.com.br\/noticia\/wp-json\/wp\/v2\/tags?post=116856"}],"curies":[{"name":"wp","href":"https:\/\/api.w.org\/{rel}","templated":true}]}}