{"id":116858,"date":"2017-07-11T16:33:37","date_gmt":"2017-07-11T19:33:37","guid":{"rendered":"https:\/\/www.redenoticia.com.br\/noticia\/?p=116858"},"modified":"2017-07-11T16:30:38","modified_gmt":"2017-07-11T19:30:38","slug":"resumo-novela-carinha-de-anjo-1207-dulce-maria-chega-na-sua-festa","status":"publish","type":"post","link":"https:\/\/migracao.redenoticia.com.br\/noticia\/2017\/resumo-novela-carinha-de-anjo-1207-dulce-maria-chega-na-sua-festa\/116858","title":{"rendered":"Resumo novela \u201cCarinha de Anjo\u201d 12\/07: Dulce Maria chega na sua festa"},"content":{"rendered":"<p> <img loading=\"lazy\" decoding=\"async\" class=\"alignleft size-thumbnail wp-image-99331\" src=\"https:\/\/migracao.redenoticia.com.br\/noticia\/imagens\/carinha_de_anjo_sbt_novela_resumo_capitulo-150x112.jpg\" alt=\"carinha_de_anjo_sbt_novela_resumo_capitulo\" width=\"150\" height=\"112\" srcset=\"https:\/\/migracao.redenoticia.com.br\/noticia\/imagens\/carinha_de_anjo_sbt_novela_resumo_capitulo-150x112.jpg 150w, https:\/\/migracao.redenoticia.com.br\/noticia\/imagens\/carinha_de_anjo_sbt_novela_resumo_capitulo-265x198.jpg 265w\" sizes=\"auto, (max-width: 150px) 100vw, 150px\" \/><strong><em>Resumo novela \u201cCarinha de Anjo\u201d 12\/07<\/em><\/strong>: no cap\u00edtulo 168(*) da novela \u201cCarinha de Anjo\u201d, resumo de quarta-feira, 12 de julho, Madre Superiora diz para Cec\u00edlia que sempre soube que esse dia iria chegar e que pensou em transferi-la para que ela chegasse nessa conclus\u00e3o de forma madura. \u201cO amor que voc\u00ea sente pelo senhor Gustavo venceu\u201d, diz a religiosa. \u201cMas eu n\u00e3o vou deixar de ser freira por conta dele. \u00c9 por mim\u201d, garante Cec\u00edlia. Mesmo assim, a novi\u00e7a revela que se encantou por Gustavo desde a primeira vez que o viu, mas que muita coisa mudou desde ent\u00e3o. <\/p>\n<p>Cec\u00edlia diz ainda que Ver\u00f4nica est\u00e1 interessada no pai de Dulce. Madre responde que a mulher ideal para Gustavo pode ser Cec\u00edlia e que percebe que o empres\u00e1rio tamb\u00e9m olha para ela de forma diferente. Silvana conta para Fl\u00e1vio que Crist\u00f3v\u00e3o n\u00e3o quer que ele chegue perto de F\u00e1tima e garante que para ela o irm\u00e3o de Nicole ser\u00e1 em breve o novo diretor da Rey Caf\u00e9. Dulce Maria se arruma para a festa. <\/p>\n<p>Dulce Maria chega a sua festa com decora\u00e7\u00e3o de super-her\u00f3is e fica feliz. O irm\u00e3o de Frida vai com ela e B\u00e1rbara para a festa, mas o nome dele n\u00e3o est\u00e1 na lista. Gustavo, com Zeca e Juju, dizem para a m\u00e3e de Frida que assim como no col\u00e9gio, na festa de Dulce as regras s\u00e3o r\u00edgidas e somente as meninas podem entrar.<\/p>\n<p>(*) edi\u00e7\u00e3o do SBT, Novela \u201cCarinha de Anjo\u201d, sujeito a altera\u00e7\u00e3o de data e conte\u00fado.<\/p>\n<p>Carinha de Anjo \u00e9 uma telenovela brasileira produzida e exibida originalmente pelo SBT desde o dia 21 de novembro de 2016, substituindo o hor\u00e1rio anteriormente ocupado por C\u00famplices de um Resgate. A telenovela \u00e9 inspirada na mexicana Carita de \u00e1ngel, que, por sua vez, \u00e9 um remake de Mundo de juguete, ambas produzidas pela Televisa e que haviam sido baseadas na trama argentina escrita por Abel Santa Cruz, Pap\u00e1 coraz\u00f3n. Esta ser\u00e1 a segunda adapta\u00e7\u00e3o brasileira da obra original argentina, visto que a Rede Tupi apresentou em 1976 a sua primeira vers\u00e3o, chamada de Papai Cora\u00e7\u00e3o. A nova vers\u00e3o \u00e9 escrita por Leonor Corr\u00eaa, com supervis\u00e3o de \u00cdris Abravanel e dire\u00e7\u00e3o geral de Ricardo Mantoanelli. A trama conta com Lorena Queiroz, Bia Arantes, Carlo Porto, Priscila Sol, Dani Gondim, Karin Hils, Eliana Guttman e Lucero nos pap\u00e9is principais.<\/p>\n","protected":false},"excerpt":{"rendered":"<p>Resumo novela \u201cCarinha de Anjo\u201d 12\/07: no cap\u00edtulo 168(*) da novela \u201cCarinha de Anjo\u201d, resumo de quarta-feira, 12 de julho, Madre Superiora diz para Cec\u00edlia que sempre soube que esse dia iria chegar e que pensou em transferi-la para que ela chegasse nessa conclus\u00e3o de forma madura. \u201cO amor que voc\u00ea sente pelo senhor Gustavo [&hellip;]<\/p>\n","protected":false},"author":2,"featured_media":99331,"comment_status":"open","ping_status":"closed","sticky":false,"template":"","format":"standard","meta":{"tdm_status":"","tdm_grid_status":"","footnotes":""},"categories":[452,379,372,343],"tags":[441],"class_list":{"0":"post-116858","1":"post","2":"type-post","3":"status-publish","4":"format-standard","5":"has-post-thumbnail","7":"category-carinha-de-anjo","8":"category-novelas","9":"category-sbt","10":"category-televisao","11":"tag-resumo-do-dia"},"_links":{"self":[{"href":"https:\/\/migracao.redenoticia.com.br\/noticia\/wp-json\/wp\/v2\/posts\/116858","targetHints":{"allow":["GET"]}}],"collection":[{"href":"https:\/\/migracao.redenoticia.com.br\/noticia\/wp-json\/wp\/v2\/posts"}],"about":[{"href":"https:\/\/migracao.redenoticia.com.br\/noticia\/wp-json\/wp\/v2\/types\/post"}],"author":[{"embeddable":true,"href":"https:\/\/migracao.redenoticia.com.br\/noticia\/wp-json\/wp\/v2\/users\/2"}],"replies":[{"embeddable":true,"href":"https:\/\/migracao.redenoticia.com.br\/noticia\/wp-json\/wp\/v2\/comments?post=116858"}],"version-history":[{"count":0,"href":"https:\/\/migracao.redenoticia.com.br\/noticia\/wp-json\/wp\/v2\/posts\/116858\/revisions"}],"wp:featuredmedia":[{"embeddable":true,"href":"https:\/\/migracao.redenoticia.com.br\/noticia\/wp-json\/wp\/v2\/media\/99331"}],"wp:attachment":[{"href":"https:\/\/migracao.redenoticia.com.br\/noticia\/wp-json\/wp\/v2\/media?parent=116858"}],"wp:term":[{"taxonomy":"category","embeddable":true,"href":"https:\/\/migracao.redenoticia.com.br\/noticia\/wp-json\/wp\/v2\/categories?post=116858"},{"taxonomy":"post_tag","embeddable":true,"href":"https:\/\/migracao.redenoticia.com.br\/noticia\/wp-json\/wp\/v2\/tags?post=116858"}],"curies":[{"name":"wp","href":"https:\/\/api.w.org\/{rel}","templated":true}]}}