{"id":116860,"date":"2017-07-11T16:34:44","date_gmt":"2017-07-11T19:34:44","guid":{"rendered":"https:\/\/www.redenoticia.com.br\/noticia\/?p=116860"},"modified":"2017-07-11T16:31:56","modified_gmt":"2017-07-11T19:31:56","slug":"resumo-novela-chiquititas-1207-jose-ricardo-sofre-um-infarto","status":"publish","type":"post","link":"https:\/\/migracao.redenoticia.com.br\/noticia\/2017\/resumo-novela-chiquititas-1207-jose-ricardo-sofre-um-infarto\/116860","title":{"rendered":"Resumo novela \u201cChiquititas\u201d 12\/07: Jos\u00e9 Ricardo sofre um infarto"},"content":{"rendered":"<p> <img loading=\"lazy\" decoding=\"async\" class=\"alignleft size-thumbnail wp-image-49690\" src=\"https:\/\/migracao.redenoticia.com.br\/noticia\/imagens\/chiquititas1-150x112.jpg\" alt=\"chiquititas\" width=\"150\" height=\"112\" \/><strong><em>Resumo novela \u201cChiquititas\u201d 12\/07<\/em><\/strong>: no cap\u00edtulo 217(*) da novela \u201cChiquititas\u201d, resumo de quarta-feira, 12 de julho, Carmen sonda Mili para saber o que tanto a chiquitita conversa com Valentina. No cativeiro, na mata, Junior conversa com um dos ref\u00e9ns e descobre que eles est\u00e3o l\u00e1 h\u00e1 anos e que Miguel tamb\u00e9m esteve no local, mas que de forma misteriosa conseguiu fugir. Heitor e Jo\u00e3o Pedro, conhecido como JP, v\u00e3o ao orfanato levar uma cesta como agradecimento. Mili e JP se reencontram pela primeira vez desde que eles se cruzaram na rua e JP salvou um bebe. Na diretoria do orfanato, Heitor diz para Carmen que gostaria que um menino fosse para o Raio de Luz, pois \u00e9 muito especial e filho de um casal de amigos que faleceu. Heitor diz que o menino \u00e9 considerado um g\u00eanio. Carmen autoriza a entrada do novo chiquitito no Raio de Luz. Mili e JP conversam bastante, o que desperta a curiosidade das demais garotas. Valentina e Jos\u00e9 Ricardo voltam a discutir. No capitulo 217, quarta-feira, 12 de julho \u2013 Carmen sonda Mili para saber o que tanto a chiquitita conversa com Valentina. <\/p>\n<p>No cativeiro, na mata, Junior conversa com um dos ref\u00e9ns e descobre que eles est\u00e3o l\u00e1 h\u00e1 anos e que Miguel tamb\u00e9m esteve no local, mas que de forma misteriosa conseguiu fugir. Heitor e Jo\u00e3o Pedro, conhecido como JP, v\u00e3o ao orfanato levar uma cesta como agradecimento. Mili e JP se reencontram pela primeira vez desde que eles se cruzaram na rua e JP salvou um bebe. Na diretoria do orfanato, Heitor diz para Carmen que gostaria que um menino fosse para o Raio de Luz, pois \u00e9 muito especial e filho de um casal de amigos que faleceu. Heitor diz que o menino \u00e9 considerado um g\u00eanio. Carmen autoriza a entrada do novo chiquitito no Raio de Luz. Mili e JP conversam bastante, o que desperta a curiosidade das demais garotas. Valentina e Jos\u00e9 Ricardo voltam a discutir. Jos\u00e9 Ricardo sofre um infarto em meio \u00e0 discuss\u00e3o. <\/p>\n<p>Carmen \u00e9 comunicada e vai as pressas para o hospital. Carmen chora muito no hospital. Valentina avisa que ele est\u00e1 sendo operado, mas que n\u00e3o consegue se comunicar com Junior (ele est\u00e1 sendo mantido ref\u00e9m por um grupo em plena floresta Amaz\u00f4nica). Bia, Pata, Cris e Vivi dizem para Mili inventar um pretexto pra chamar JP para passar a tarde no orfanato. Mili convida JP para um piquenique, mas o garoto diz que \u00e9 um pouco velho pra isso. O menino tamb\u00e9m conta que possui uma banda, que chama JP10, e que ir\u00e1 ensaiar com ela. De volta ao orfanato, as meninas assistem ao v\u00eddeo da banda do vizinho na internet. Mosca fica enciumado.em meio \u00e0 discuss\u00e3o. Carmen \u00e9 comunicada e vai as pressas para o hospital. Carmen chora muito no hospital. Valentina avisa que ele est\u00e1 sendo operado, mas que n\u00e3o consegue se comunicar com Junior (ele est\u00e1 sendo mantido ref\u00e9m por um grupo em plena floresta Amaz\u00f4nica). Bia, Pata, Cris e Vivi dizem para Mili inventar um pretexto pra chamar JP para passar a tarde no orfanato. Mili convida JP para um piquenique, mas o garoto diz que \u00e9 um pouco velho pra isso. O menino tamb\u00e9m conta que possui uma banda, que chama JP10, e que ir\u00e1 ensaiar com ela. De volta ao orfanato, as meninas assistem ao v\u00eddeo da banda do vizinho na internet. Mosca fica enciumado.<\/p>\n<p>(*) edi\u00e7\u00e3o do SBT, Novela \u201cChiquititas\u201d, sujeito a altera\u00e7\u00e3o de data e conte\u00fado.<\/p>\n<p>Chiquititas gira em torno do orfanato Raio de Luz, que carrega em sua hist\u00f3ria um grande segredo envolvendo a fam\u00edlia e o dono do orfanato, Dr. Jos\u00e9 Ricardo Almeida Campos. Em um per\u00edodo anterior \u00e0 novela, exatos treze anos, sua filha Gabriela se apaixonou e ficou gr\u00e1vida de Miguel, filho de Valentina, empregada da casa dos Almeida Campos. Pouco depois, Jos\u00e9 Ricardo sequestrou sua neta, pois, como um homem conservador, ele n\u00e3o aceitava a ideia de que sua filha se envolvesse com um empregado. Como sua neta, Milena, apelidada como Mili, precisava de um lugar para morar, ele comprou um casar\u00e3o e fundou um orfanato, o Raio de Luz. Mili cresceu l\u00e1 com outras garotas que chegaram posteriormente: Bia, Ana, as irm\u00e3s Tati e Vivi, e Cris. Ao decorrer dos anos, elas se tornam uma fam\u00edlia. Elas s\u00e3o supervisionadas por Ernestina, zeladora do orfanato, e Chico, o cozinheiro amado pelas internas. Sofia, ex-governanta da fam\u00edlia Almeida Campos, \u00e9 a diretora do lugar, at\u00e9 que Carmem, irm\u00e3 de Jos\u00e9 Ricardo, entre em seu lugar. Chegam ainda mais \u00f3rf\u00e3os: Pata, Mosca, Binho e Rafa, que viviam nas ruas antes de entrarem na institui\u00e7\u00e3o. Pata e Mili tornam-se amigas rapidamente, enquanto Mosca, Binho e Rafa s\u00e3o os primeiros garotos a entrar no abrigo. As crian\u00e7as sem-teto foram ajudadas por uma doce e bela garota que tocam e mudam a vida delas, assim como as das garotas \u00f3rf\u00e3s.<\/p>\n","protected":false},"excerpt":{"rendered":"<p>Resumo novela \u201cChiquititas\u201d 12\/07: no cap\u00edtulo 217(*) da novela \u201cChiquititas\u201d, resumo de quarta-feira, 12 de julho, Carmen sonda Mili para saber o que tanto a chiquitita conversa com Valentina. No cativeiro, na mata, Junior conversa com um dos ref\u00e9ns e descobre que eles est\u00e3o l\u00e1 h\u00e1 anos e que Miguel tamb\u00e9m esteve no local, mas [&hellip;]<\/p>\n","protected":false},"author":2,"featured_media":49690,"comment_status":"open","ping_status":"closed","sticky":false,"template":"","format":"standard","meta":{"tdm_status":"","tdm_grid_status":"","footnotes":""},"categories":[409,379,372,343],"tags":[441],"class_list":{"0":"post-116860","1":"post","2":"type-post","3":"status-publish","4":"format-standard","5":"has-post-thumbnail","7":"category-chiquititas","8":"category-novelas","9":"category-sbt","10":"category-televisao","11":"tag-resumo-do-dia"},"_links":{"self":[{"href":"https:\/\/migracao.redenoticia.com.br\/noticia\/wp-json\/wp\/v2\/posts\/116860","targetHints":{"allow":["GET"]}}],"collection":[{"href":"https:\/\/migracao.redenoticia.com.br\/noticia\/wp-json\/wp\/v2\/posts"}],"about":[{"href":"https:\/\/migracao.redenoticia.com.br\/noticia\/wp-json\/wp\/v2\/types\/post"}],"author":[{"embeddable":true,"href":"https:\/\/migracao.redenoticia.com.br\/noticia\/wp-json\/wp\/v2\/users\/2"}],"replies":[{"embeddable":true,"href":"https:\/\/migracao.redenoticia.com.br\/noticia\/wp-json\/wp\/v2\/comments?post=116860"}],"version-history":[{"count":0,"href":"https:\/\/migracao.redenoticia.com.br\/noticia\/wp-json\/wp\/v2\/posts\/116860\/revisions"}],"wp:featuredmedia":[{"embeddable":true,"href":"https:\/\/migracao.redenoticia.com.br\/noticia\/wp-json\/wp\/v2\/media\/49690"}],"wp:attachment":[{"href":"https:\/\/migracao.redenoticia.com.br\/noticia\/wp-json\/wp\/v2\/media?parent=116860"}],"wp:term":[{"taxonomy":"category","embeddable":true,"href":"https:\/\/migracao.redenoticia.com.br\/noticia\/wp-json\/wp\/v2\/categories?post=116860"},{"taxonomy":"post_tag","embeddable":true,"href":"https:\/\/migracao.redenoticia.com.br\/noticia\/wp-json\/wp\/v2\/tags?post=116860"}],"curies":[{"name":"wp","href":"https:\/\/api.w.org\/{rel}","templated":true}]}}