{"id":116866,"date":"2017-07-11T16:37:52","date_gmt":"2017-07-11T19:37:52","guid":{"rendered":"https:\/\/www.redenoticia.com.br\/noticia\/?p=116866"},"modified":"2017-07-11T16:35:35","modified_gmt":"2017-07-11T19:35:35","slug":"resumo-novela-novo-mundo-1207-bonifacio-se-declara-para-leopoldina","status":"publish","type":"post","link":"https:\/\/migracao.redenoticia.com.br\/noticia\/2017\/resumo-novela-novo-mundo-1207-bonifacio-se-declara-para-leopoldina\/116866","title":{"rendered":"Resumo novela \u201cNovo Mundo\u201d 12\/07: Bonif\u00e1cio se declara para Leopoldina"},"content":{"rendered":"<p> <img loading=\"lazy\" decoding=\"async\" class=\"alignleft size-thumbnail wp-image-107950\" src=\"https:\/\/migracao.redenoticia.com.br\/noticia\/imagens\/novo_mundo_novela_resumo_globo-150x112.jpg\" alt=\"\" width=\"150\" height=\"112\" srcset=\"https:\/\/migracao.redenoticia.com.br\/noticia\/imagens\/novo_mundo_novela_resumo_globo-150x112.jpg 150w, https:\/\/migracao.redenoticia.com.br\/noticia\/imagens\/novo_mundo_novela_resumo_globo-265x198.jpg 265w\" sizes=\"auto, (max-width: 150px) 100vw, 150px\" \/><strong><em>Resumo novela \u201cNovo Mundo\u201d 12\/07<\/em><\/strong>: no cap\u00edtulo 097(*) da novela \u201cNovo Mundo\u201d, resumo de quarta-feira, 12 de julho, Dom Pedro fica furioso com a chegada de Domitila. Thomas acerta com Quer\u00eancio o assassinato de Joaquim. Tibiri\u00e7\u00e1 sente a presen\u00e7a de Thomas na floresta e pede que Piat\u00e3 o ajude a afast\u00e1-lo. Domitila provoca Leopoldina. Os jagun\u00e7os de Thomas se assustam com os barulhos que v\u00eam da floresta. Licurgo e Hugo n\u00e3o conseguem acordar Germana e se preocupam. Dom Pedro fica intrigado ao ver Isaura chegar ao sarau na casa de Domitila. Domitila confirma suas suspeitas sobre Isaura e Pedro. Bonif\u00e1cio alcan\u00e7a Leopoldina na estrada e segue com ela at\u00e9 a fazenda de Santa Cruz. Dom Pedro estranha o sumi\u00e7o de Isaura. Anna amamenta Vit\u00f3ria e Joaquim fica encantado. Bonif\u00e1cio se declara para Leopoldina.<\/p>\n<p>(*) edi\u00e7\u00e3o da Rede Globo, Novela \u201cNovo Mundo\u201d, sujeito a altera\u00e7\u00e3o de data e conte\u00fado.<\/p>\n<p>Novo Mundo \u00e9 uma telenovela brasileira produzida pela Rede Globo. Escrita por Thereza Falc\u00e3o e Alessandro Marson, conta com dire\u00e7\u00e3o art\u00edstica de Vin\u00edcius Coimbra. Conta com as participa\u00e7\u00f5es de Isabelle Drummond, Chay Suede, Caio Castro, Let\u00edcia Colin, Leo Jaime, D\u00e9bora Olivieri, Rodrigo Simas, Giullia Buscacio, Vivianne Pasmanter, Guilherme Piva, R\u00f4mulo Estrela, Agatha Moreira, Luisa Micheletti, Gabriel Braga Nunes, e Ingrid Guimar\u00e3es.<\/p>\n","protected":false},"excerpt":{"rendered":"<p>Resumo novela \u201cNovo Mundo\u201d 12\/07: no cap\u00edtulo 097(*) da novela \u201cNovo Mundo\u201d, resumo de quarta-feira, 12 de julho, Dom Pedro fica furioso com a chegada de Domitila. Thomas acerta com Quer\u00eancio o assassinato de Joaquim. Tibiri\u00e7\u00e1 sente a presen\u00e7a de Thomas na floresta e pede que Piat\u00e3 o ajude a afast\u00e1-lo. Domitila provoca Leopoldina. Os [&hellip;]<\/p>\n","protected":false},"author":2,"featured_media":111645,"comment_status":"open","ping_status":"closed","sticky":false,"template":"","format":"standard","meta":{"tdm_status":"","tdm_grid_status":"","footnotes":""},"categories":[379,375,343],"tags":[441],"class_list":{"0":"post-116866","1":"post","2":"type-post","3":"status-publish","4":"format-standard","5":"has-post-thumbnail","7":"category-novelas","8":"category-rede-globo","9":"category-televisao","10":"tag-resumo-do-dia"},"_links":{"self":[{"href":"https:\/\/migracao.redenoticia.com.br\/noticia\/wp-json\/wp\/v2\/posts\/116866","targetHints":{"allow":["GET"]}}],"collection":[{"href":"https:\/\/migracao.redenoticia.com.br\/noticia\/wp-json\/wp\/v2\/posts"}],"about":[{"href":"https:\/\/migracao.redenoticia.com.br\/noticia\/wp-json\/wp\/v2\/types\/post"}],"author":[{"embeddable":true,"href":"https:\/\/migracao.redenoticia.com.br\/noticia\/wp-json\/wp\/v2\/users\/2"}],"replies":[{"embeddable":true,"href":"https:\/\/migracao.redenoticia.com.br\/noticia\/wp-json\/wp\/v2\/comments?post=116866"}],"version-history":[{"count":0,"href":"https:\/\/migracao.redenoticia.com.br\/noticia\/wp-json\/wp\/v2\/posts\/116866\/revisions"}],"wp:featuredmedia":[{"embeddable":true,"href":"https:\/\/migracao.redenoticia.com.br\/noticia\/wp-json\/wp\/v2\/media\/111645"}],"wp:attachment":[{"href":"https:\/\/migracao.redenoticia.com.br\/noticia\/wp-json\/wp\/v2\/media?parent=116866"}],"wp:term":[{"taxonomy":"category","embeddable":true,"href":"https:\/\/migracao.redenoticia.com.br\/noticia\/wp-json\/wp\/v2\/categories?post=116866"},{"taxonomy":"post_tag","embeddable":true,"href":"https:\/\/migracao.redenoticia.com.br\/noticia\/wp-json\/wp\/v2\/tags?post=116866"}],"curies":[{"name":"wp","href":"https:\/\/api.w.org\/{rel}","templated":true}]}}