{"id":116884,"date":"2017-07-12T00:06:01","date_gmt":"2017-07-12T03:06:01","guid":{"rendered":"https:\/\/www.redenoticia.com.br\/noticia\/?p=116884"},"modified":"2017-07-11T19:41:48","modified_gmt":"2017-07-11T22:41:48","slug":"usp-leste-oferece-cerca-de-600-vagas-em-cursos-para-idosos","status":"publish","type":"post","link":"https:\/\/migracao.redenoticia.com.br\/noticia\/2017\/usp-leste-oferece-cerca-de-600-vagas-em-cursos-para-idosos\/116884","title":{"rendered":"USP-Leste oferece cerca de 600 vagas em cursos para idosos"},"content":{"rendered":"<p> A USP-Leste recebe inscri\u00e7\u00f5es para o programa . Est\u00e3o dispon\u00edveis quase 600 vagas para as atividades do segundo semestre de 2017. Basta apresentar o RG no ato da inscri\u00e7\u00e3o e ter 60 anos ou mais, que as vagas ser\u00e3o distribu\u00eddas por ordem de chegada.<\/p>\n<p>As inscri\u00e7\u00f5es foram abertas na segunda-feira (10) e continuam at\u00e9 esta quarta-feira (12). Os interessados devem comparecer, sempre entre 14h e 17h, ao audit\u00f3rio vermelho da EACH, a Escola de Artes, Ci\u00eancias e Humanidades (EACH) da Universidade de S\u00e3o Paulo (USP).<\/p>\n<p>Os idosos que quiserem cursar disciplinas regulares, devem se inscrever entre os dias 24 e 28 de julho, no mesmo hor\u00e1rio, tamb\u00e9m na USP-Leste.<\/p>\n<p>O primeiro semestre da atividade conta com seis m\u00f3dulos do curso Idosos Online. Ser\u00e3o ensinados da Alfabetiza\u00e7\u00e3o Digital \u00e0 aprendizagem do uso de smartphone, tablete, al\u00e9m da Oficina de Jogos em websites.<\/p>\n<p>Tamb\u00e9m est\u00e3o dispon\u00edveis atividades espec\u00edfica para a popula\u00e7\u00e3o idosa. Entre as 30 diferentes atividades previstas est\u00e3o Dormir nunca \u00e9 perda de tempo, sobre a import\u00e2ncia do sono; Oficina de Turismo Social; Teatro na Terceira Idade; Muscula\u00e7\u00e3o; Dan\u00e7a S\u00eanior. Confira  a lista completa<\/p>\n<p>Todas as vagas s\u00e3o oferecidas gratuitamente e aulas do programa se iniciam no m\u00eas de agosto.<\/p>\n<p>SERVI\u00c7O<br \/>\nCursos da UnATI na EACH<br \/>\nAv. Arlindo B\u00e9ttio, 1000 \u2013 Ermelino Matarazzo, zona leste da cidade de S\u00e3o Paulo.<br \/>\nAcesso pela esta\u00e7\u00e3o USP Leste da linha 12-Safira da CPTM. Saiba como chegar .<br \/>\nMais informa\u00e7\u00f5es: (11) 3091-1016 ou ccex-each@usp.br.<\/p>\n<p>Do Portal do Governo SP<\/p>\n","protected":false},"excerpt":{"rendered":"<p>A USP-Leste recebe inscri\u00e7\u00f5es para o programa . Est\u00e3o dispon\u00edveis quase 600 vagas para as atividades do segundo semestre de 2017. Basta apresentar o RG no ato da inscri\u00e7\u00e3o e ter 60 anos ou mais, que as vagas ser\u00e3o distribu\u00eddas por ordem de chegada. As inscri\u00e7\u00f5es foram abertas na segunda-feira (10) e continuam at\u00e9 esta [&hellip;]<\/p>\n","protected":false},"author":2,"featured_media":36241,"comment_status":"open","ping_status":"closed","sticky":false,"template":"","format":"standard","meta":{"tdm_status":"","tdm_grid_status":"","footnotes":""},"categories":[22,351,370],"tags":[],"class_list":{"0":"post-116884","1":"post","2":"type-post","3":"status-publish","4":"format-standard","5":"has-post-thumbnail","7":"category-brasil","8":"category-cursos","9":"category-inscricao"},"_links":{"self":[{"href":"https:\/\/migracao.redenoticia.com.br\/noticia\/wp-json\/wp\/v2\/posts\/116884","targetHints":{"allow":["GET"]}}],"collection":[{"href":"https:\/\/migracao.redenoticia.com.br\/noticia\/wp-json\/wp\/v2\/posts"}],"about":[{"href":"https:\/\/migracao.redenoticia.com.br\/noticia\/wp-json\/wp\/v2\/types\/post"}],"author":[{"embeddable":true,"href":"https:\/\/migracao.redenoticia.com.br\/noticia\/wp-json\/wp\/v2\/users\/2"}],"replies":[{"embeddable":true,"href":"https:\/\/migracao.redenoticia.com.br\/noticia\/wp-json\/wp\/v2\/comments?post=116884"}],"version-history":[{"count":0,"href":"https:\/\/migracao.redenoticia.com.br\/noticia\/wp-json\/wp\/v2\/posts\/116884\/revisions"}],"wp:featuredmedia":[{"embeddable":true,"href":"https:\/\/migracao.redenoticia.com.br\/noticia\/wp-json\/wp\/v2\/media\/36241"}],"wp:attachment":[{"href":"https:\/\/migracao.redenoticia.com.br\/noticia\/wp-json\/wp\/v2\/media?parent=116884"}],"wp:term":[{"taxonomy":"category","embeddable":true,"href":"https:\/\/migracao.redenoticia.com.br\/noticia\/wp-json\/wp\/v2\/categories?post=116884"},{"taxonomy":"post_tag","embeddable":true,"href":"https:\/\/migracao.redenoticia.com.br\/noticia\/wp-json\/wp\/v2\/tags?post=116884"}],"curies":[{"name":"wp","href":"https:\/\/api.w.org\/{rel}","templated":true}]}}