{"id":116886,"date":"2017-07-12T00:07:58","date_gmt":"2017-07-12T03:07:58","guid":{"rendered":"https:\/\/www.redenoticia.com.br\/noticia\/?p=116886"},"modified":"2017-07-11T19:44:21","modified_gmt":"2017-07-11T22:44:21","slug":"hotel-popular-no-rio-recebe-melhorias-e-oferece-cursos-profissionalizantes","status":"publish","type":"post","link":"https:\/\/migracao.redenoticia.com.br\/noticia\/2017\/hotel-popular-no-rio-recebe-melhorias-e-oferece-cursos-profissionalizantes\/116886","title":{"rendered":"Hotel Popular no Rio recebe melhorias e oferece cursos profissionalizantes"},"content":{"rendered":"<p> O Hotel Popular, localizado na Central do Brasil, no centro do Rio, sofreu modifica\u00e7\u00f5es e melhorias, permitindo que os trabalhadores que n\u00e3o t\u00eam como voltar para casa passem a noite com mais conforto e sem custos. Chamado de Espa\u00e7o Solid\u00e1rio, na nova fase, tamb\u00e9m oferece <strong><em>cursos de hotelaria, beleza, inform\u00e1tica, idiomas<\/em><\/strong>.<\/p>\n<p>Por meio de parceria com a Vara de Execu\u00e7\u00f5es Penais (VEP), foi realizado um mutir\u00e3o de limpeza e uma reorganiza\u00e7\u00e3o do espa\u00e7o, executado por detentos e ex-detentos contratados pela Secretaria de Estado de Ci\u00eancia, Tecnologia e Desenvolvimento Social. De acordo com o secret\u00e1rio Pedro Fernandes, o mesmo local agora, al\u00e9m de dar abrigo, pode beneficiar diversas pessoas.<\/p>\n<p>\u201cCom a Faetec [Funda\u00e7\u00e3o de Apoio \u00e0 Escola T\u00e9cnica] nesse mesmo espa\u00e7o, podemos ajudar ainda mais pessoas. Este \u00e9 o caso desses apenados que encontraram aqui mais uma oportunidade para recuperarem suas vidas&#8221;.<\/p>\n<p>Rodrigo dos Santos, \u00e9 um dos exemplos de trabalhadores beneficiados com a reinaugura\u00e7\u00e3o do local. Ele cumpre pena em regime semiaberto, ap\u00f3s quatro anos preso em regime fechado por tr\u00e1fico de drogas, e comemora a sua nova vida. Rodrigo trabalha na cozinha do espa\u00e7o fazendo refei\u00e7\u00f5es para todos que fazem a manuten\u00e7\u00e3o do local.<\/p>\n<p>\u201cEu tenho que agradecer a Deus por estar aqui. Fiz um curso e comecei a trabalhar na padaria do pres\u00eddio. Com esse novo projeto, vim ajudar na limpeza e na alimenta\u00e7\u00e3o das pessoas que est\u00e3o trabalhando aqui. Ganhei a redu\u00e7\u00e3o [progress\u00e3o] do regime fechado para o aberto [semiaberto] e estou muito feliz por isso\u201d, disse.<\/p>\n<p>A diarista  Rosangela Gomes, que frequenta o espa\u00e7o h\u00e1 cinco anos, j\u00e1 adotou o hotel como sua casa. \u201cDe segunda-feira a sexta-feira, aqui \u00e9 o meu lar. Todas as noites venho para c\u00e1. Moro em Mag\u00e9 e a dist\u00e2ncia me impossibilita de ir para casa\u201d.<\/p>\n<p>Com a capacidade aumentada de 58 para 70 h\u00f3spedes, separados em alas masculina e feminina, o local beneficia os trabalhadores com pernoite. A entrada pode ser feita das 18h \u00e0s 22h e a sa\u00edda \u00e9 at\u00e9 as 8h, de segunda-feira a sexta-feira.<\/p>\n<p>Os interessados em fazer um dos cursos profissionalizantes do Hotel Popular dever\u00e3o comparecer ao local com c\u00f3pias de RG, CPF, certid\u00e3o de nascimento e comprovante de resid\u00eancia. Novas vagas para as qualifica\u00e7\u00f5es est\u00e3o abertas e podem ser feitas no local. As inscri\u00e7\u00f5es para os cursos gratuitos devem ser feitas at\u00e9 o dia 18 de julho.<\/p>\n<p>Ana Luiza Vasconcelos<br \/>\nEstagi\u00e1ria sob supervis\u00e3o do editor Davi Oliveira da Ag\u00eancia Brasil<br \/>\nEdi\u00e7\u00e3o: Davi Oliveira<br \/>\n12\/07\/2017<\/p>\n","protected":false},"excerpt":{"rendered":"<p>O Hotel Popular, localizado na Central do Brasil, no centro do Rio, sofreu modifica\u00e7\u00f5es e melhorias, permitindo que os trabalhadores que n\u00e3o t\u00eam como voltar para casa passem a noite com mais conforto e sem custos. Chamado de Espa\u00e7o Solid\u00e1rio, na nova fase, tamb\u00e9m oferece cursos de hotelaria, beleza, inform\u00e1tica, idiomas. Por meio de parceria [&hellip;]<\/p>\n","protected":false},"author":2,"featured_media":35036,"comment_status":"open","ping_status":"closed","sticky":false,"template":"","format":"standard","meta":{"tdm_status":"","tdm_grid_status":"","footnotes":""},"categories":[22,351,370],"tags":[],"class_list":{"0":"post-116886","1":"post","2":"type-post","3":"status-publish","4":"format-standard","5":"has-post-thumbnail","7":"category-brasil","8":"category-cursos","9":"category-inscricao"},"_links":{"self":[{"href":"https:\/\/migracao.redenoticia.com.br\/noticia\/wp-json\/wp\/v2\/posts\/116886","targetHints":{"allow":["GET"]}}],"collection":[{"href":"https:\/\/migracao.redenoticia.com.br\/noticia\/wp-json\/wp\/v2\/posts"}],"about":[{"href":"https:\/\/migracao.redenoticia.com.br\/noticia\/wp-json\/wp\/v2\/types\/post"}],"author":[{"embeddable":true,"href":"https:\/\/migracao.redenoticia.com.br\/noticia\/wp-json\/wp\/v2\/users\/2"}],"replies":[{"embeddable":true,"href":"https:\/\/migracao.redenoticia.com.br\/noticia\/wp-json\/wp\/v2\/comments?post=116886"}],"version-history":[{"count":0,"href":"https:\/\/migracao.redenoticia.com.br\/noticia\/wp-json\/wp\/v2\/posts\/116886\/revisions"}],"wp:featuredmedia":[{"embeddable":true,"href":"https:\/\/migracao.redenoticia.com.br\/noticia\/wp-json\/wp\/v2\/media\/35036"}],"wp:attachment":[{"href":"https:\/\/migracao.redenoticia.com.br\/noticia\/wp-json\/wp\/v2\/media?parent=116886"}],"wp:term":[{"taxonomy":"category","embeddable":true,"href":"https:\/\/migracao.redenoticia.com.br\/noticia\/wp-json\/wp\/v2\/categories?post=116886"},{"taxonomy":"post_tag","embeddable":true,"href":"https:\/\/migracao.redenoticia.com.br\/noticia\/wp-json\/wp\/v2\/tags?post=116886"}],"curies":[{"name":"wp","href":"https:\/\/api.w.org\/{rel}","templated":true}]}}