{"id":116903,"date":"2017-07-12T16:40:06","date_gmt":"2017-07-12T19:40:06","guid":{"rendered":"https:\/\/www.redenoticia.com.br\/noticia\/?p=116903"},"modified":"2017-07-13T16:33:57","modified_gmt":"2017-07-13T19:33:57","slug":"novela-ribeirao-do-tempo-resumo-1307-filo-experimenta-o-vestido-de-noiva","status":"publish","type":"post","link":"https:\/\/migracao.redenoticia.com.br\/noticia\/2017\/novela-ribeirao-do-tempo-resumo-1307-filo-experimenta-o-vestido-de-noiva\/116903","title":{"rendered":"Novela \u201cRibeir\u00e3o do Tempo\u201d resumo 13\/07: Fil\u00f3 experimenta o vestido de noiva"},"content":{"rendered":"<p> <img loading=\"lazy\" decoding=\"async\" src=\"https:\/\/migracao.redenoticia.com.br\/noticia\/imagens\/ribeirao_do_tempo_novela_record_resumo-150x112.jpg\" alt=\"\" width=\"150\" height=\"112\" class=\"alignleft size-thumbnail wp-image-108265\" srcset=\"https:\/\/migracao.redenoticia.com.br\/noticia\/imagens\/ribeirao_do_tempo_novela_record_resumo-150x112.jpg 150w, https:\/\/migracao.redenoticia.com.br\/noticia\/imagens\/ribeirao_do_tempo_novela_record_resumo-265x198.jpg 265w\" sizes=\"auto, (max-width: 150px) 100vw, 150px\" \/><strong><em>Novela \u201cRibeir\u00e3o do Tempo\u201d resumo 13\/07<\/em><\/strong>: no capitulo 093 (*) da novela \u201cRibeir\u00e3o do Tempo\u201d, quinta-feira, 13 de julho, Quer\u00eancio distribui aut\u00f3grafos no bar J\u00e1 Era. Joca pergunta \u00e0 m\u00e3e se Arminda ficou preocupada. L\u00e9ia diz que ela se preocupou como todo mundo. Quer\u00eancio diz a Romeu e \u00e0 Sancha que sentiu uma emo\u00e7\u00e3o forte junto ao povo de Ribeir\u00e3o e afirma que n\u00e3o vai levar mais a candidatura na brincadeira. Ari comenta com Ajuricaba que Quer\u00eancio \u00e9 uma amea\u00e7a a sua candidatura. Joca vai at\u00e9 a casa de Flores e \u00e9 recebido com espanto por F\u00e1tima. Flores disfar\u00e7a a surpresa e oferece uma bebida a Joca. <\/p>\n<p>Filomena encontra Tito e comenta que Arminda acha elegante se ele for de fraque. Ele concorda de forma displicente. Flores conversa com Joca e o faz ligar a sabotagem do avi\u00e3o \u00e0 Conspira\u00e7\u00e3o Azul. Quer\u00eancio fala com Bruno e Teixeira para incrementar sua campanha e acabar com Ari. Joca conta a Lincon tudo o que aconteceu. Flores e Nicolau conversam ao telefone sobre o fracasso do atentado. Filomena se sente insegura com o casamento e pede o apoio e carinho de Carmem. Tito conversa com Newton e se questiona se \u00e9 justo casar-se com Filomena.<\/p>\n<p>Arminda diz a Diana que est\u00e1 contente com a volta de Joca, afinal n\u00e3o quer o mal de ningu\u00e9m. L\u00edlian diz a Nicolau que a situa\u00e7\u00e3o dela na fazenda est\u00e1 insustent\u00e1vel. Ele afirma que tem uma ideia que resolve o problema. Ajuricaba diz a Virg\u00ednia que convidou Nicolau, a m\u00e3e e a tia para o seu anivers\u00e1rio. S\u00f4nia fala para Andr\u00e9 que S\u00e9rgio confirmou a presen\u00e7a dos pais dele no almo\u00e7o. Andr\u00e9 fica preocupado. Ir\u00f4nico, S\u00e9rgio diz que o jeito \u00e9 deixar S\u00f4nia para ele. Quer\u00eancio explica para Marisa que ter\u00e1 poder e dinheiro para colocar a cidade para funcionar e diz que quer que ela o ajude em sua miss\u00e3o.  <\/p>\n<p>(*) edi\u00e7\u00e3o da Rede Record, Novela \u201cRibeir\u00e3o do Tempo\u201d, sujeito a altera\u00e7\u00e3o de data e conte\u00fado.<\/p>\n","protected":false},"excerpt":{"rendered":"<p>Novela \u201cRibeir\u00e3o do Tempo\u201d resumo 13\/07: no capitulo 093 (*) da novela \u201cRibeir\u00e3o do Tempo\u201d, quinta-feira, 13 de julho, Quer\u00eancio distribui aut\u00f3grafos no bar J\u00e1 Era. Joca pergunta \u00e0 m\u00e3e se Arminda ficou preocupada. L\u00e9ia diz que ela se preocupou como todo mundo. Quer\u00eancio diz a Romeu e \u00e0 Sancha que sentiu uma emo\u00e7\u00e3o forte [&hellip;]<\/p>\n","protected":false},"author":2,"featured_media":108265,"comment_status":"open","ping_status":"closed","sticky":false,"template":"","format":"standard","meta":{"tdm_status":"","tdm_grid_status":"","footnotes":""},"categories":[379,371,343],"tags":[441],"class_list":{"0":"post-116903","1":"post","2":"type-post","3":"status-publish","4":"format-standard","5":"has-post-thumbnail","7":"category-novelas","8":"category-rede-record","9":"category-televisao","10":"tag-resumo-do-dia"},"_links":{"self":[{"href":"https:\/\/migracao.redenoticia.com.br\/noticia\/wp-json\/wp\/v2\/posts\/116903","targetHints":{"allow":["GET"]}}],"collection":[{"href":"https:\/\/migracao.redenoticia.com.br\/noticia\/wp-json\/wp\/v2\/posts"}],"about":[{"href":"https:\/\/migracao.redenoticia.com.br\/noticia\/wp-json\/wp\/v2\/types\/post"}],"author":[{"embeddable":true,"href":"https:\/\/migracao.redenoticia.com.br\/noticia\/wp-json\/wp\/v2\/users\/2"}],"replies":[{"embeddable":true,"href":"https:\/\/migracao.redenoticia.com.br\/noticia\/wp-json\/wp\/v2\/comments?post=116903"}],"version-history":[{"count":0,"href":"https:\/\/migracao.redenoticia.com.br\/noticia\/wp-json\/wp\/v2\/posts\/116903\/revisions"}],"wp:featuredmedia":[{"embeddable":true,"href":"https:\/\/migracao.redenoticia.com.br\/noticia\/wp-json\/wp\/v2\/media\/108265"}],"wp:attachment":[{"href":"https:\/\/migracao.redenoticia.com.br\/noticia\/wp-json\/wp\/v2\/media?parent=116903"}],"wp:term":[{"taxonomy":"category","embeddable":true,"href":"https:\/\/migracao.redenoticia.com.br\/noticia\/wp-json\/wp\/v2\/categories?post=116903"},{"taxonomy":"post_tag","embeddable":true,"href":"https:\/\/migracao.redenoticia.com.br\/noticia\/wp-json\/wp\/v2\/tags?post=116903"}],"curies":[{"name":"wp","href":"https:\/\/api.w.org\/{rel}","templated":true}]}}