{"id":116911,"date":"2017-07-12T16:44:58","date_gmt":"2017-07-12T19:44:58","guid":{"rendered":"https:\/\/www.redenoticia.com.br\/noticia\/?p=116911"},"modified":"2017-07-13T21:44:17","modified_gmt":"2017-07-14T00:44:17","slug":"novela-o-rico-e-lazaro-resumo-1307-um-anjo-caminha-ao-lado-dos-sabios","status":"publish","type":"post","link":"https:\/\/migracao.redenoticia.com.br\/noticia\/2017\/novela-o-rico-e-lazaro-resumo-1307-um-anjo-caminha-ao-lado-dos-sabios\/116911","title":{"rendered":"Novela \u201cO Rico e L\u00e1zaro\u201d resumo 13\/07: a comitiva do rei retorna do Campo de Dura"},"content":{"rendered":"<p> <img loading=\"lazy\" decoding=\"async\" src=\"https:\/\/migracao.redenoticia.com.br\/noticia\/imagens\/o_rico_e_o_lazaro_resumo_novela_record-150x112.jpg\" alt=\"\" width=\"150\" height=\"112\" class=\"alignleft size-thumbnail wp-image-107948\" srcset=\"https:\/\/migracao.redenoticia.com.br\/noticia\/imagens\/o_rico_e_o_lazaro_resumo_novela_record-150x112.jpg 150w, https:\/\/migracao.redenoticia.com.br\/noticia\/imagens\/o_rico_e_o_lazaro_resumo_novela_record-265x198.jpg 265w\" sizes=\"auto, (max-width: 150px) 100vw, 150px\" \/><strong><em>Novela \u201cO Rico e L\u00e1zaro\u201d resumo 13\/07<\/em><\/strong>: no capitulo 089(*) da novela \u201cO Rico e L\u00e1zaro\u201d, quinta-feira, 13 de julho, Kassaia diz que Asher a ajudou. Nabucodonosor manda Nebuzarad\u00e3 abaixar a arma. A princesa recusa a ajuda de Sammu-Ramat, que estranha. O rei avisa que recompensar\u00e1 o escravo hebreu. Zac expulsa Fassur de casa. Amitis estranha o comportamento de Kassaia. Para recompensar Asher, Nabucodonosor avisa que ele vai trabalhar cuidando dos jardins da rainha. <\/p>\n<p>Zac se entende com Elga. Os familiares de Ravina comemoram a vit\u00f3ria na vota\u00e7\u00e3o. Em conversa com Zelfa, Joana confessa pensar em Asher todos os dias. Lia cuida de Daniel. Lior diz que Asher precisa ter f\u00e9.<\/p>\n<p>Joana pensa em seu amado. Ela recebe a visita de Zac. Eles comemoram a vit\u00f3ria de Ravina na elei\u00e7\u00e3o da sinagoga. Alguns dias se passam e Joana vende tecidos na rua do com\u00e9rcio. Lior fala sobre a nova fun\u00e7\u00e3o de Asher. Ravina estranha ao ver Fassur abatido e sujo. A comitiva do rei retorna do Campo de Dura. Joaquim se declara para Edissa. Gadise pergunta se Matias sentiu sua falta.<\/p>\n<p>(*) edi\u00e7\u00e3o da Rede Record, Novela \u201cO Rico e L\u00e1zaro\u201d, sujeito a altera\u00e7\u00e3o de data e conte\u00fado.<\/p>\n","protected":false},"excerpt":{"rendered":"<p>Novela \u201cO Rico e L\u00e1zaro\u201d resumo 13\/07: no capitulo 089(*) da novela \u201cO Rico e L\u00e1zaro\u201d, quinta-feira, 13 de julho, Kassaia diz que Asher a ajudou. Nabucodonosor manda Nebuzarad\u00e3 abaixar a arma. A princesa recusa a ajuda de Sammu-Ramat, que estranha. O rei avisa que recompensar\u00e1 o escravo hebreu. Zac expulsa Fassur de casa. Amitis [&hellip;]<\/p>\n","protected":false},"author":2,"featured_media":107948,"comment_status":"open","ping_status":"closed","sticky":false,"template":"","format":"standard","meta":{"tdm_status":"","tdm_grid_status":"","footnotes":""},"categories":[379,371,343],"tags":[441],"class_list":{"0":"post-116911","1":"post","2":"type-post","3":"status-publish","4":"format-standard","5":"has-post-thumbnail","7":"category-novelas","8":"category-rede-record","9":"category-televisao","10":"tag-resumo-do-dia"},"_links":{"self":[{"href":"https:\/\/migracao.redenoticia.com.br\/noticia\/wp-json\/wp\/v2\/posts\/116911","targetHints":{"allow":["GET"]}}],"collection":[{"href":"https:\/\/migracao.redenoticia.com.br\/noticia\/wp-json\/wp\/v2\/posts"}],"about":[{"href":"https:\/\/migracao.redenoticia.com.br\/noticia\/wp-json\/wp\/v2\/types\/post"}],"author":[{"embeddable":true,"href":"https:\/\/migracao.redenoticia.com.br\/noticia\/wp-json\/wp\/v2\/users\/2"}],"replies":[{"embeddable":true,"href":"https:\/\/migracao.redenoticia.com.br\/noticia\/wp-json\/wp\/v2\/comments?post=116911"}],"version-history":[{"count":0,"href":"https:\/\/migracao.redenoticia.com.br\/noticia\/wp-json\/wp\/v2\/posts\/116911\/revisions"}],"wp:featuredmedia":[{"embeddable":true,"href":"https:\/\/migracao.redenoticia.com.br\/noticia\/wp-json\/wp\/v2\/media\/107948"}],"wp:attachment":[{"href":"https:\/\/migracao.redenoticia.com.br\/noticia\/wp-json\/wp\/v2\/media?parent=116911"}],"wp:term":[{"taxonomy":"category","embeddable":true,"href":"https:\/\/migracao.redenoticia.com.br\/noticia\/wp-json\/wp\/v2\/categories?post=116911"},{"taxonomy":"post_tag","embeddable":true,"href":"https:\/\/migracao.redenoticia.com.br\/noticia\/wp-json\/wp\/v2\/tags?post=116911"}],"curies":[{"name":"wp","href":"https:\/\/api.w.org\/{rel}","templated":true}]}}