{"id":116931,"date":"2017-07-12T16:33:17","date_gmt":"2017-07-12T19:33:17","guid":{"rendered":"https:\/\/www.redenoticia.com.br\/noticia\/?p=116931"},"modified":"2017-07-12T13:43:37","modified_gmt":"2017-07-12T16:43:37","slug":"resumo-novela-chiquititas-1307-samuca-e-o-novo-chiquitito-do-orfanato","status":"publish","type":"post","link":"https:\/\/migracao.redenoticia.com.br\/noticia\/2017\/resumo-novela-chiquititas-1307-samuca-e-o-novo-chiquitito-do-orfanato\/116931","title":{"rendered":"Resumo novela \u201cChiquititas\u201d 13\/07: Samuca \u00e9 o novo chiquitito do orfanato"},"content":{"rendered":"<p><img loading=\"lazy\" decoding=\"async\" class=\"alignleft size-thumbnail wp-image-49690\" src=\"https:\/\/migracao.redenoticia.com.br\/noticia\/imagens\/chiquititas1-150x112.jpg\" alt=\"chiquititas\" width=\"150\" height=\"112\" \/><strong><em>Resumo novela \u201cChiquititas\u201d 13\/07<\/em><\/strong>: no cap\u00edtulo 218(*) da novela \u201cChiquititas\u201d, resumo de quinta-feira, 13 de julho, Ana e Tati encontram com JP na rua e conseguem lhe convidar para o piquenique. JP aceita o convite e entra no orfanato. O rapaz avisa que o ensaio foi cancelado, por isso est\u00e1 l\u00e1 com Mili, Pata, Vivi, Cris e Bia. Mosca fica muito enciumado ao saber que elas est\u00e3o todas interessadas nele, ainda mais agora que sabem que ele possui uma banda. Tobias quase consegue beijar Maria Cec\u00edlia na sala dela, no Caf\u00e9 Boutique. Os chiquititos decidem montar uma banda, mas como n\u00e3o possuem instrumentos, pegam alguns antigos, que est\u00e3o danificados. No hospital, Carmen diz estar chocada com a delicada situa\u00e7\u00e3o de sa\u00fade de Jos\u00e9 Ricardo. Valentina alerta que ele precisa de cuidados, pois o m\u00e9dico avisou que o cora\u00e7\u00e3o dele n\u00e3o aguentaria um novo infarto. Ao chegar em casa, sozinha, Carmen deixa de fingir compaix\u00e3o e fala sozinha: \u201cFinalmente o destino est\u00e1 conspirando ao meu favor. Meus dois sobrinhos imprest\u00e1veis sumiram, o testamento ainda n\u00e3o foi registrado e a hora do Jos\u00e9 Ricardo ir dessa pra uma melhor n\u00e3o est\u00e1 longe. Agora s\u00f3 me falta um meio de conseguir uma parte da heran\u00e7a que me \u00e9 de direito, j\u00e1 que o muquirana do meu irm\u00e3o n\u00e3o me deixou absolutamente nada. Eu tenho que refazer esse testamento o quanto antes. Jos\u00e9 Ricardo n\u00e3o pode morrer sem me deixar nada!\u201d. Chegam v\u00e1rias caixas de mudan\u00e7a no Orfanato Raio de Luz. Heitor entra com Samuel (Donato Verissimo) \u2013 trata-se da estreia do personagem Samuca, que \u00e9 seu apelido \u2013 e avisa que todas aquelas caixas s\u00e3o coisas que eram do av\u00f4 do menino, com quem ele morava. Carol d\u00e1 as boas-vindas ao novo chiquitito. Os meninos apresentam o quarto e conversam com Samuca.<\/p>\n<p>(*) edi\u00e7\u00e3o do SBT, Novela \u201cChiquititas\u201d, sujeito a altera\u00e7\u00e3o de data e conte\u00fado.<\/p>\n<p>Chiquititas gira em torno do orfanato Raio de Luz, que carrega em sua hist\u00f3ria um grande segredo envolvendo a fam\u00edlia e o dono do orfanato, Dr. Jos\u00e9 Ricardo Almeida Campos. Em um per\u00edodo anterior \u00e0 novela, exatos treze anos, sua filha Gabriela se apaixonou e ficou gr\u00e1vida de Miguel, filho de Valentina, empregada da casa dos Almeida Campos. Pouco depois, Jos\u00e9 Ricardo sequestrou sua neta, pois, como um homem conservador, ele n\u00e3o aceitava a ideia de que sua filha se envolvesse com um empregado. Como sua neta, Milena, apelidada como Mili, precisava de um lugar para morar, ele comprou um casar\u00e3o e fundou um orfanato, o Raio de Luz. Mili cresceu l\u00e1 com outras garotas que chegaram posteriormente: Bia, Ana, as irm\u00e3s Tati e Vivi, e Cris. Ao decorrer dos anos, elas se tornam uma fam\u00edlia. Elas s\u00e3o supervisionadas por Ernestina, zeladora do orfanato, e Chico, o cozinheiro amado pelas internas. Sofia, ex-governanta da fam\u00edlia Almeida Campos, \u00e9 a diretora do lugar, at\u00e9 que Carmem, irm\u00e3 de Jos\u00e9 Ricardo, entre em seu lugar. Chegam ainda mais \u00f3rf\u00e3os: Pata, Mosca, Binho e Rafa, que viviam nas ruas antes de entrarem na institui\u00e7\u00e3o. Pata e Mili tornam-se amigas rapidamente, enquanto Mosca, Binho e Rafa s\u00e3o os primeiros garotos a entrar no abrigo. As crian\u00e7as sem-teto foram ajudadas por uma doce e bela garota que tocam e mudam a vida delas, assim como as das garotas \u00f3rf\u00e3s.<\/p>\n","protected":false},"excerpt":{"rendered":"<p>Resumo novela \u201cChiquititas\u201d 13\/07: no cap\u00edtulo 218(*) da novela \u201cChiquititas\u201d, resumo de quinta-feira, 13 de julho, Ana e Tati encontram com JP na rua e conseguem lhe convidar para o piquenique. JP aceita o convite e entra no orfanato. O rapaz avisa que o ensaio foi cancelado, por isso est\u00e1 l\u00e1 com Mili, Pata, Vivi, [&hellip;]<\/p>\n","protected":false},"author":4,"featured_media":49690,"comment_status":"open","ping_status":"closed","sticky":false,"template":"","format":"standard","meta":{"tdm_status":"","tdm_grid_status":"","footnotes":""},"categories":[409,379,372,343],"tags":[441],"class_list":{"0":"post-116931","1":"post","2":"type-post","3":"status-publish","4":"format-standard","5":"has-post-thumbnail","7":"category-chiquititas","8":"category-novelas","9":"category-sbt","10":"category-televisao","11":"tag-resumo-do-dia"},"_links":{"self":[{"href":"https:\/\/migracao.redenoticia.com.br\/noticia\/wp-json\/wp\/v2\/posts\/116931","targetHints":{"allow":["GET"]}}],"collection":[{"href":"https:\/\/migracao.redenoticia.com.br\/noticia\/wp-json\/wp\/v2\/posts"}],"about":[{"href":"https:\/\/migracao.redenoticia.com.br\/noticia\/wp-json\/wp\/v2\/types\/post"}],"author":[{"embeddable":true,"href":"https:\/\/migracao.redenoticia.com.br\/noticia\/wp-json\/wp\/v2\/users\/4"}],"replies":[{"embeddable":true,"href":"https:\/\/migracao.redenoticia.com.br\/noticia\/wp-json\/wp\/v2\/comments?post=116931"}],"version-history":[{"count":0,"href":"https:\/\/migracao.redenoticia.com.br\/noticia\/wp-json\/wp\/v2\/posts\/116931\/revisions"}],"wp:featuredmedia":[{"embeddable":true,"href":"https:\/\/migracao.redenoticia.com.br\/noticia\/wp-json\/wp\/v2\/media\/49690"}],"wp:attachment":[{"href":"https:\/\/migracao.redenoticia.com.br\/noticia\/wp-json\/wp\/v2\/media?parent=116931"}],"wp:term":[{"taxonomy":"category","embeddable":true,"href":"https:\/\/migracao.redenoticia.com.br\/noticia\/wp-json\/wp\/v2\/categories?post=116931"},{"taxonomy":"post_tag","embeddable":true,"href":"https:\/\/migracao.redenoticia.com.br\/noticia\/wp-json\/wp\/v2\/tags?post=116931"}],"curies":[{"name":"wp","href":"https:\/\/api.w.org\/{rel}","templated":true}]}}