{"id":116940,"date":"2017-07-12T16:37:28","date_gmt":"2017-07-12T19:37:28","guid":{"rendered":"https:\/\/www.redenoticia.com.br\/noticia\/?p=116940"},"modified":"2017-07-12T13:49:19","modified_gmt":"2017-07-12T16:49:19","slug":"resumo-novela-novo-mundo-1307-jacira-e-piata-se-casam","status":"publish","type":"post","link":"https:\/\/migracao.redenoticia.com.br\/noticia\/2017\/resumo-novela-novo-mundo-1307-jacira-e-piata-se-casam\/116940","title":{"rendered":"Resumo novela \u201cNovo Mundo\u201d 13\/07: Jacira e Piat\u00e3 se casam"},"content":{"rendered":"<p><img loading=\"lazy\" decoding=\"async\" class=\"alignleft size-thumbnail wp-image-107950\" src=\"https:\/\/migracao.redenoticia.com.br\/noticia\/imagens\/novo_mundo_novela_resumo_globo-150x112.jpg\" alt=\"\" width=\"150\" height=\"112\" srcset=\"https:\/\/migracao.redenoticia.com.br\/noticia\/imagens\/novo_mundo_novela_resumo_globo-150x112.jpg 150w, https:\/\/migracao.redenoticia.com.br\/noticia\/imagens\/novo_mundo_novela_resumo_globo-265x198.jpg 265w\" sizes=\"auto, (max-width: 150px) 100vw, 150px\" \/><strong><em>Resumo novela \u201cNovo Mundo\u201d 13\/07<\/em><\/strong>: no cap\u00edtulo 098(*) da novela \u201cNovo Mundo\u201d, resumo de quinta-feira, 13 de julho, Leopoldina se afasta de Bonif\u00e1cio. Dom Pedro repreende Domitila e se preocupa por n\u00e3o encontrar a princesa no Pal\u00e1cio. Leopoldina enfrenta Dom Pedro. Joaquim e Anna pensam em ir para a Europa. Germana desperta e ataca Licurgo. Greta reclama de Diara para Schultz. Piat\u00e3 fala para Joaquim sobre a poss\u00edvel aproxima\u00e7\u00e3o de Thomas e ele pensa em deixar a aldeia. Thomas anda pela mata com os jagun\u00e7os e \u00e9 picado por um inseto. Tibiri\u00e7\u00e1 orienta Joaquim e Anna a permanecer na aldeia at\u00e9 o casamento de Jacira e Piat\u00e3. Domitila vai \u00e0 taberna e manda Rosa divulgar seu romance com Dom Pedro. Jacira e Piat\u00e3 se casam. Patr\u00edcio ouve Bonif\u00e1cio confidenciar a Leopoldina o esconderijo de Anna e Joaquim. Passam-se alguns dias. Anna, Joaquim, Olinto e as crian\u00e7as chegam \u00e0 casa de Bonif\u00e1cio em Santos. Patr\u00edcio revela a Thomas o paradeiro de Anna e Joaquim.<\/p>\n<p>(*) edi\u00e7\u00e3o da Rede Globo, Novela \u201cNovo Mundo\u201d, sujeito a altera\u00e7\u00e3o de data e conte\u00fado.<\/p>\n<p>Novo Mundo \u00e9 uma telenovela brasileira produzida pela Rede Globo. Escrita por Thereza Falc\u00e3o e Alessandro Marson, conta com dire\u00e7\u00e3o art\u00edstica de Vin\u00edcius Coimbra. Conta com as participa\u00e7\u00f5es de Isabelle Drummond, Chay Suede, Caio Castro, Let\u00edcia Colin, Leo Jaime, D\u00e9bora Olivieri, Rodrigo Simas, Giullia Buscacio, Vivianne Pasmanter, Guilherme Piva, R\u00f4mulo Estrela, Agatha Moreira, Luisa Micheletti, Gabriel Braga Nunes, e Ingrid Guimar\u00e3es.<\/p>\n","protected":false},"excerpt":{"rendered":"<p>Resumo novela \u201cNovo Mundo\u201d 13\/07: no cap\u00edtulo 098(*) da novela \u201cNovo Mundo\u201d, resumo de quinta-feira, 13 de julho, Leopoldina se afasta de Bonif\u00e1cio. Dom Pedro repreende Domitila e se preocupa por n\u00e3o encontrar a princesa no Pal\u00e1cio. Leopoldina enfrenta Dom Pedro. Joaquim e Anna pensam em ir para a Europa. Germana desperta e ataca Licurgo. [&hellip;]<\/p>\n","protected":false},"author":4,"featured_media":107950,"comment_status":"open","ping_status":"closed","sticky":false,"template":"","format":"standard","meta":{"tdm_status":"","tdm_grid_status":"","footnotes":""},"categories":[379,375,343],"tags":[441],"class_list":{"0":"post-116940","1":"post","2":"type-post","3":"status-publish","4":"format-standard","5":"has-post-thumbnail","7":"category-novelas","8":"category-rede-globo","9":"category-televisao","10":"tag-resumo-do-dia"},"_links":{"self":[{"href":"https:\/\/migracao.redenoticia.com.br\/noticia\/wp-json\/wp\/v2\/posts\/116940","targetHints":{"allow":["GET"]}}],"collection":[{"href":"https:\/\/migracao.redenoticia.com.br\/noticia\/wp-json\/wp\/v2\/posts"}],"about":[{"href":"https:\/\/migracao.redenoticia.com.br\/noticia\/wp-json\/wp\/v2\/types\/post"}],"author":[{"embeddable":true,"href":"https:\/\/migracao.redenoticia.com.br\/noticia\/wp-json\/wp\/v2\/users\/4"}],"replies":[{"embeddable":true,"href":"https:\/\/migracao.redenoticia.com.br\/noticia\/wp-json\/wp\/v2\/comments?post=116940"}],"version-history":[{"count":0,"href":"https:\/\/migracao.redenoticia.com.br\/noticia\/wp-json\/wp\/v2\/posts\/116940\/revisions"}],"wp:featuredmedia":[{"embeddable":true,"href":"https:\/\/migracao.redenoticia.com.br\/noticia\/wp-json\/wp\/v2\/media\/107950"}],"wp:attachment":[{"href":"https:\/\/migracao.redenoticia.com.br\/noticia\/wp-json\/wp\/v2\/media?parent=116940"}],"wp:term":[{"taxonomy":"category","embeddable":true,"href":"https:\/\/migracao.redenoticia.com.br\/noticia\/wp-json\/wp\/v2\/categories?post=116940"},{"taxonomy":"post_tag","embeddable":true,"href":"https:\/\/migracao.redenoticia.com.br\/noticia\/wp-json\/wp\/v2\/tags?post=116940"}],"curies":[{"name":"wp","href":"https:\/\/api.w.org\/{rel}","templated":true}]}}