{"id":116961,"date":"2017-07-13T00:04:49","date_gmt":"2017-07-13T03:04:49","guid":{"rendered":"https:\/\/www.redenoticia.com.br\/noticia\/?p=116961"},"modified":"2017-07-12T15:43:24","modified_gmt":"2017-07-12T18:43:24","slug":"o-instituto-serrapilheira-lanca-sua-1a-chamada-publica-com-foco-em-jovens-cientistas","status":"publish","type":"post","link":"https:\/\/migracao.redenoticia.com.br\/noticia\/2017\/o-instituto-serrapilheira-lanca-sua-1a-chamada-publica-com-foco-em-jovens-cientistas\/116961","title":{"rendered":"O Instituto Serrapilheira lan\u00e7a sua 1\u00aa chamada p\u00fablica com foco em jovens cientistas"},"content":{"rendered":"<p> Ag\u00eancia FAPESP \u2013 O  far\u00e1 sua 1a <strong><em>chamada p\u00fablica para projetos de pesquisa cient\u00edfica<\/em><\/strong> nas \u00e1reas de ci\u00eancias da computa\u00e7\u00e3o, ci\u00eancias da terra, ci\u00eancias da vida, engenharias, f\u00edsica, matem\u00e1tica e qu\u00edmica.<\/p>\n<p>O lan\u00e7amento oficial da chamada ocorrer\u00e1 no dia 19 de julho, durante a 69a Reuni\u00e3o Anual da Sociedade Brasileira para o Progresso da Ci\u00eancia (SBPC), em Belo Horizonte. O conte\u00fado da chamada estar\u00e1 dispon\u00edvel para consulta no site  e as inscri\u00e7\u00f5es ter\u00e3o in\u00edcio na primeira metade de agosto.<\/p>\n<p>O Instituto Serrapilheira \u00e9 uma associa\u00e7\u00e3o civil sem fins lucrativos de apoio \u00e0 pesquisa nos campos das ci\u00eancias da vida, das ci\u00eancias f\u00edsicas, das engenharias e da matem\u00e1tica. Com sede no Rio de Janeiro, o instituto vai operar com recursos oriundos de um fundo patrimonial constitu\u00eddo por doa\u00e7\u00e3o de Branca e Jo\u00e3o Moreira Salles no valor de R$ 350 milh\u00f5es. Seu or\u00e7amento ser\u00e1 de cerca de R$ 16 milh\u00f5es anuais, correspondente ao ganho real estimado da aplica\u00e7\u00e3o financeira dos recursos do fundo.<\/p>\n<p>O Serrapilheira foi criado para identificar e apoiar projetos de pesquisa e divulga\u00e7\u00e3o cient\u00edfica realizados no Brasil. Num primeiro momento, ser\u00e3o selecionados 70 projetos com seed grants de at\u00e9 R$ 100 mil. Depois de um ano, de 10 a 20 projetos dentre os 70 iniciais ser\u00e3o contemplados com aportes de at\u00e9 R$ 1 milh\u00e3o para tr\u00eas anos de pesquisa. Uma parte desse aporte ser\u00e1 condicionada ao cumprimento de crit\u00e9rios de diversidade. O objetivo \u00e9 incentivar o treinamento de pesquisadores que fa\u00e7am parte de minorias por cientistas de excel\u00eancia.<\/p>\n<p>O principal crit\u00e9rio de sele\u00e7\u00e3o ser\u00e1 a excel\u00eancia da pesquisa; os crit\u00e9rios de elegibilidade ser\u00e3o idade cient\u00edfica do postulante (poder\u00e3o se inscrever apenas aqueles que obtiveram o t\u00edtulo de doutor a partir de 2007) e v\u00ednculo com institui\u00e7\u00f5es brasileiras.<\/p>\n<p>\u201cCom esta primeira chamada, queremos identificar e apoiar os melhores jovens pesquisadores no Brasil, aqueles que estejam fazendo as grandes perguntas dos seus campos\u201d, afirma Hugo Aguilaniu, diretor-presidente do Serrapilheira. E conclui: \u201cO instituto n\u00e3o ter\u00e1 prefer\u00eancia por ci\u00eancia pura ou aplicada, nem deixar\u00e1 de apoiar projetos de pesquisa arriscados, nos quais o pesquisador audacioso nem sempre ser\u00e1 bem-sucedido\u201d.<\/p>\n<p>Um Conselho Cient\u00edfico formado por 12 cientistas que atuam no Brasil e no exterior avaliar\u00e1 os projetos encaminhados e divulgar\u00e1 os resultados at\u00e9 o final de 2017.<\/p>\n<p>Mais informa\u00e7\u00f5es podem ser obtidas no  do instituto.<\/p>\n","protected":false},"excerpt":{"rendered":"<p>Ag\u00eancia FAPESP \u2013 O far\u00e1 sua 1a chamada p\u00fablica para projetos de pesquisa cient\u00edfica nas \u00e1reas de ci\u00eancias da computa\u00e7\u00e3o, ci\u00eancias da terra, ci\u00eancias da vida, engenharias, f\u00edsica, matem\u00e1tica e qu\u00edmica. O lan\u00e7amento oficial da chamada ocorrer\u00e1 no dia 19 de julho, durante a 69a Reuni\u00e3o Anual da Sociedade Brasileira para o Progresso da Ci\u00eancia [&hellip;]<\/p>\n","protected":false},"author":2,"featured_media":57576,"comment_status":"open","ping_status":"closed","sticky":false,"template":"","format":"standard","meta":{"tdm_status":"","tdm_grid_status":"","footnotes":""},"categories":[22,370,353],"tags":[],"class_list":{"0":"post-116961","1":"post","2":"type-post","3":"status-publish","4":"format-standard","5":"has-post-thumbnail","7":"category-brasil","8":"category-inscricao","9":"category-oportunidades"},"_links":{"self":[{"href":"https:\/\/migracao.redenoticia.com.br\/noticia\/wp-json\/wp\/v2\/posts\/116961","targetHints":{"allow":["GET"]}}],"collection":[{"href":"https:\/\/migracao.redenoticia.com.br\/noticia\/wp-json\/wp\/v2\/posts"}],"about":[{"href":"https:\/\/migracao.redenoticia.com.br\/noticia\/wp-json\/wp\/v2\/types\/post"}],"author":[{"embeddable":true,"href":"https:\/\/migracao.redenoticia.com.br\/noticia\/wp-json\/wp\/v2\/users\/2"}],"replies":[{"embeddable":true,"href":"https:\/\/migracao.redenoticia.com.br\/noticia\/wp-json\/wp\/v2\/comments?post=116961"}],"version-history":[{"count":0,"href":"https:\/\/migracao.redenoticia.com.br\/noticia\/wp-json\/wp\/v2\/posts\/116961\/revisions"}],"wp:featuredmedia":[{"embeddable":true,"href":"https:\/\/migracao.redenoticia.com.br\/noticia\/wp-json\/wp\/v2\/media\/57576"}],"wp:attachment":[{"href":"https:\/\/migracao.redenoticia.com.br\/noticia\/wp-json\/wp\/v2\/media?parent=116961"}],"wp:term":[{"taxonomy":"category","embeddable":true,"href":"https:\/\/migracao.redenoticia.com.br\/noticia\/wp-json\/wp\/v2\/categories?post=116961"},{"taxonomy":"post_tag","embeddable":true,"href":"https:\/\/migracao.redenoticia.com.br\/noticia\/wp-json\/wp\/v2\/tags?post=116961"}],"curies":[{"name":"wp","href":"https:\/\/api.w.org\/{rel}","templated":true}]}}