{"id":116963,"date":"2017-07-13T00:05:37","date_gmt":"2017-07-13T03:05:37","guid":{"rendered":"https:\/\/www.redenoticia.com.br\/noticia\/?p=116963"},"modified":"2017-07-12T15:44:50","modified_gmt":"2017-07-12T18:44:50","slug":"pos-doutorado-em-palinologia-do-quaternario-e-modelagem-de-nicho","status":"publish","type":"post","link":"https:\/\/migracao.redenoticia.com.br\/noticia\/2017\/pos-doutorado-em-palinologia-do-quaternario-e-modelagem-de-nicho\/116963","title":{"rendered":"P\u00f3s-doutorado em Palinologia do Quatern\u00e1rio e Modelagem de Nicho"},"content":{"rendered":"<p> Ag\u00eancia FAPESP \u2013 O Instituto de Geoci\u00eancias da Universidade de S\u00e3o Paulo (USP) oferece uma <strong><em>vaga de p\u00f3s-doutorado<\/em><\/strong> vinculada ao Projeto Tem\u00e1tico , com supervis\u00e3o do professor . As inscri\u00e7\u00f5es devem ser feitas at\u00e9 o dia 21 de julho.<\/p>\n<p>O objetivo espec\u00edfico do projeto vinculado \u00e0 bolsa de P\u00f3s-Doutorado \u00e9 analisar, em alta resolu\u00e7\u00e3o, o conte\u00fado palinol\u00f3gico e micropaleontol\u00f3gico de sedimentos lacustres\/turfeiras quatern\u00e1rios de regi\u00f5es alto-montanas do Sudeste e Nordeste do Brasil.<\/p>\n<p>O bolsista ter\u00e1 que determinar \u00e1reas elevadas, por meio de an\u00e1lises de georeferenciamento, que podem funcionar como futuros ref\u00fagios a florestas montanas em cen\u00e1rios futuros de aquecimento global. Tamb\u00e9m far\u00e1 previs\u00f5es de adequabilidade de nicho para o ano 2100, al\u00e9m de ajudar na sele\u00e7\u00e3o de lagos para a coleta de sedimentos dos quais ser\u00e3o extra\u00eddos DNA ambiental.<\/p>\n<p>Os candidatos devem possuir t\u00edtulo de Doutor obtido h\u00e1 no m\u00e1ximo sete anos, no pa\u00eds ou no exterior, em \u00e1rea compat\u00edvel aos objetivos propostos, e ter produ\u00e7\u00e3o cient\u00edfica compat\u00edvel com a fase de sua carreira.<\/p>\n<p>Inscri\u00e7\u00f5es devem ser encaminhadas para o e-mail paulo.deoliveira@usp.br junto com carta de interesse e motiva\u00e7\u00e3o (at\u00e9 duas p\u00e1ginas) e curriculum vitae completo (at\u00e9 tr\u00eas p\u00e1ginas).<\/p>\n<p>Mais informa\u00e7\u00f5es sobre a vaga est\u00e3o dispon\u00edveis em .<\/p>\n<p>A vaga est\u00e1 aberta a brasileiros e estrangeiros. O bolsista selecionado receber\u00e1 Bolsa de P\u00f3s-Doutorado da FAPESP no valor de R$ 6.819,30 mensais e Reserva T\u00e9cnica. A Reserva T\u00e9cnica de Bolsa de PD equivale a 15% do valor anual da bolsa e tem o objetivo de atender a despesas imprevistas e diretamente relacionadas \u00e0 atividade de pesquisa.<\/p>\n<p>Caso o bolsista de PD resida em domic\u00edlio diferente e precise se mudar para a cidade onde se localiza a institui\u00e7\u00e3o-sede da pesquisa, poder\u00e1 ter direito a um Aux\u00edlio-Instala\u00e7\u00e3o. Mais informa\u00e7\u00f5es sobre a Bolsa de P\u00f3s-Doutorado da FAPESP est\u00e3o dispon\u00edveis em .<\/p>\n<p>Outras vagas de bolsas, em diversas \u00e1reas do conhecimento, est\u00e3o no site FAPESP-Oportunidades, em .<\/p>\n","protected":false},"excerpt":{"rendered":"<p>Ag\u00eancia FAPESP \u2013 O Instituto de Geoci\u00eancias da Universidade de S\u00e3o Paulo (USP) oferece uma vaga de p\u00f3s-doutorado vinculada ao Projeto Tem\u00e1tico , com supervis\u00e3o do professor . As inscri\u00e7\u00f5es devem ser feitas at\u00e9 o dia 21 de julho. O objetivo espec\u00edfico do projeto vinculado \u00e0 bolsa de P\u00f3s-Doutorado \u00e9 analisar, em alta resolu\u00e7\u00e3o, o [&hellip;]<\/p>\n","protected":false},"author":2,"featured_media":28951,"comment_status":"open","ping_status":"closed","sticky":false,"template":"","format":"standard","meta":{"tdm_status":"","tdm_grid_status":"","footnotes":""},"categories":[22,351,370],"tags":[],"class_list":{"0":"post-116963","1":"post","2":"type-post","3":"status-publish","4":"format-standard","5":"has-post-thumbnail","7":"category-brasil","8":"category-cursos","9":"category-inscricao"},"_links":{"self":[{"href":"https:\/\/migracao.redenoticia.com.br\/noticia\/wp-json\/wp\/v2\/posts\/116963","targetHints":{"allow":["GET"]}}],"collection":[{"href":"https:\/\/migracao.redenoticia.com.br\/noticia\/wp-json\/wp\/v2\/posts"}],"about":[{"href":"https:\/\/migracao.redenoticia.com.br\/noticia\/wp-json\/wp\/v2\/types\/post"}],"author":[{"embeddable":true,"href":"https:\/\/migracao.redenoticia.com.br\/noticia\/wp-json\/wp\/v2\/users\/2"}],"replies":[{"embeddable":true,"href":"https:\/\/migracao.redenoticia.com.br\/noticia\/wp-json\/wp\/v2\/comments?post=116963"}],"version-history":[{"count":0,"href":"https:\/\/migracao.redenoticia.com.br\/noticia\/wp-json\/wp\/v2\/posts\/116963\/revisions"}],"wp:featuredmedia":[{"embeddable":true,"href":"https:\/\/migracao.redenoticia.com.br\/noticia\/wp-json\/wp\/v2\/media\/28951"}],"wp:attachment":[{"href":"https:\/\/migracao.redenoticia.com.br\/noticia\/wp-json\/wp\/v2\/media?parent=116963"}],"wp:term":[{"taxonomy":"category","embeddable":true,"href":"https:\/\/migracao.redenoticia.com.br\/noticia\/wp-json\/wp\/v2\/categories?post=116963"},{"taxonomy":"post_tag","embeddable":true,"href":"https:\/\/migracao.redenoticia.com.br\/noticia\/wp-json\/wp\/v2\/tags?post=116963"}],"curies":[{"name":"wp","href":"https:\/\/api.w.org\/{rel}","templated":true}]}}