{"id":116965,"date":"2017-07-13T00:06:53","date_gmt":"2017-07-13T03:06:53","guid":{"rendered":"https:\/\/www.redenoticia.com.br\/noticia\/?p=116965"},"modified":"2017-07-12T15:46:00","modified_gmt":"2017-07-12T18:46:00","slug":"inscricao-para-curso-de-paes-artesanais-da-padaria-artesanal-sp","status":"publish","type":"post","link":"https:\/\/migracao.redenoticia.com.br\/noticia\/2017\/inscricao-para-curso-de-paes-artesanais-da-padaria-artesanal-sp\/116965","title":{"rendered":"Inscri\u00e7\u00e3o para curso de p\u00e3es artesanais da Padaria Artesanal SP"},"content":{"rendered":"<p> Os amantes de trigo que t\u00eam interesse em aprender a fazer sua pr\u00f3pria fornada de p\u00e3es podem se inscrever no tradicional curso de 10 p\u00e3es artesanais da Padaria Artesanal, projeto do Fundo Social de Solidariedade do Estado de S\u00e3o Paulo (Fussesp). As inscri\u00e7\u00f5es est\u00e3o abertas, mas o curso \u00e9 t\u00e3o concorrido que existe uma lista de espera.\u00a0Para participar, os interessados devem ter mais de 16 anos de idade.\u00a0Os cursos t\u00eam dura\u00e7\u00e3o de um dia e carga hor\u00e1ria de 8 horas, realizados de ter\u00e7a e quinta-feira na Unidade Pal\u00e1cio dos Bandeirantes e no Parque da \u00c1gua Branca.<\/p>\n<p>Os tipos de p\u00e3es que os interessados ir\u00e3o aprender a fazer s\u00e3o: P\u00e3o de Ma\u00e7\u00e3;\u00a0Rosca Estrela;\u00a0P\u00e3o de cenoura com recheio de Goiabada;\u00a0P\u00e3o de Mandioca com Azeitonas;\u00a0P\u00e3o de Batata com recheio de catupiry;\u00a0Pretzel;\u00a0P\u00e3o de ervas;\u00a0P\u00e3o caseiro com frios;\u00a0P\u00e3o de forma tradicional; e\u00a0P\u00e3o de forma integral.<\/p>\n<p>Sobre a Padaria Artesanal<br \/>\nImplantada em junho de 2001, a Padaria Artesanal est\u00e1 presente em duas unidades pr\u00f3prias do Fundo Social, na capital, e em praticamente todos os munic\u00edpios do Estado de S\u00e3o Paulo por meio de conv\u00eanio com entidades sociais e Fundos Municipais.<\/p>\n<p>At\u00e9 o momento, foram entregues 1.390 kits da Padaria Artesanal, instalados no interior do Estado e em entidades sociais da capital. Neste mesmo per\u00edodo, foram qualificadas 92.592 pessoas.<\/p>\n<p>Para obter mais informa\u00e7\u00f5es, entre em contato pelos telefones (11) 2193-8969\u00a0\/ (11) 2193-8446 ou .<\/p>\n<p>Do Portal do Governo SP<\/p>\n","protected":false},"excerpt":{"rendered":"<p>Os amantes de trigo que t\u00eam interesse em aprender a fazer sua pr\u00f3pria fornada de p\u00e3es podem se inscrever no tradicional curso de 10 p\u00e3es artesanais da Padaria Artesanal, projeto do Fundo Social de Solidariedade do Estado de S\u00e3o Paulo (Fussesp). As inscri\u00e7\u00f5es est\u00e3o abertas, mas o curso \u00e9 t\u00e3o concorrido que existe uma lista [&hellip;]<\/p>\n","protected":false},"author":2,"featured_media":36215,"comment_status":"open","ping_status":"closed","sticky":false,"template":"","format":"standard","meta":{"tdm_status":"","tdm_grid_status":"","footnotes":""},"categories":[22,351,370],"tags":[],"class_list":{"0":"post-116965","1":"post","2":"type-post","3":"status-publish","4":"format-standard","5":"has-post-thumbnail","7":"category-brasil","8":"category-cursos","9":"category-inscricao"},"_links":{"self":[{"href":"https:\/\/migracao.redenoticia.com.br\/noticia\/wp-json\/wp\/v2\/posts\/116965","targetHints":{"allow":["GET"]}}],"collection":[{"href":"https:\/\/migracao.redenoticia.com.br\/noticia\/wp-json\/wp\/v2\/posts"}],"about":[{"href":"https:\/\/migracao.redenoticia.com.br\/noticia\/wp-json\/wp\/v2\/types\/post"}],"author":[{"embeddable":true,"href":"https:\/\/migracao.redenoticia.com.br\/noticia\/wp-json\/wp\/v2\/users\/2"}],"replies":[{"embeddable":true,"href":"https:\/\/migracao.redenoticia.com.br\/noticia\/wp-json\/wp\/v2\/comments?post=116965"}],"version-history":[{"count":0,"href":"https:\/\/migracao.redenoticia.com.br\/noticia\/wp-json\/wp\/v2\/posts\/116965\/revisions"}],"wp:featuredmedia":[{"embeddable":true,"href":"https:\/\/migracao.redenoticia.com.br\/noticia\/wp-json\/wp\/v2\/media\/36215"}],"wp:attachment":[{"href":"https:\/\/migracao.redenoticia.com.br\/noticia\/wp-json\/wp\/v2\/media?parent=116965"}],"wp:term":[{"taxonomy":"category","embeddable":true,"href":"https:\/\/migracao.redenoticia.com.br\/noticia\/wp-json\/wp\/v2\/categories?post=116965"},{"taxonomy":"post_tag","embeddable":true,"href":"https:\/\/migracao.redenoticia.com.br\/noticia\/wp-json\/wp\/v2\/tags?post=116965"}],"curies":[{"name":"wp","href":"https:\/\/api.w.org\/{rel}","templated":true}]}}