{"id":116967,"date":"2017-07-13T00:07:04","date_gmt":"2017-07-13T03:07:04","guid":{"rendered":"https:\/\/www.redenoticia.com.br\/noticia\/?p=116967"},"modified":"2017-07-12T15:47:12","modified_gmt":"2017-07-12T18:47:12","slug":"inca-inaugura-quatro-leitos-para-transplante-de-medula-ossea-no-rio","status":"publish","type":"post","link":"https:\/\/migracao.redenoticia.com.br\/noticia\/2017\/inca-inaugura-quatro-leitos-para-transplante-de-medula-ossea-no-rio\/116967","title":{"rendered":"Inca inaugura quatro leitos para transplante de medula \u00f3ssea, no Rio"},"content":{"rendered":"<p> O Instituto Nacional de C\u00e2ncer Jos\u00e9 Alencar Gomes da Silva inaugurou uma nova ala no Centro de <strong><em>Transplantes de Medula \u00d3ssea<\/em><\/strong>. Com os quatro novos leitos, o instituto passa a contar com 16 e deve ampliar a oferta de cirurgias. A amplia\u00e7\u00e3o se deu em uma colabora\u00e7\u00e3o com a  Associa\u00e7\u00e3o Pr\u00f3-Vita, que intermediou a parceria com empresas privadas. Com a inaugura\u00e7\u00e3o, o n\u00famero de transplantes deve aumentar em m\u00e9dia de 85 para at\u00e9 110 por ano.<\/p>\n<p>Segundo o diretor do centro de Transplantes, D\u00e9cio Lerner, a \u00faltima expans\u00e3o da unidade se deu h\u00e1 cerca de 20 anos. &#8220;Obviamente, o n\u00famero de doentes e indica\u00e7\u00f5es de transplantes aumentou muito nesse per\u00edodo. Mesmo com 100% de ocupa\u00e7\u00e3o da unidade, nossa fila \u00e9 imensa.&#8221;<\/p>\n<p>O Inca \u00e9 o \u00fanico do Rio de Janeiro que faz todos os tipos de transplantes de medula \u00f3ssea: o que reimplanta a medula do pr\u00f3prio paciente, o que implanta doa\u00e7\u00f5es de parentes compat\u00edveis ou parcialmente compat\u00edveis, e o que utiliza a medula de doadores cadastrados no Registro Nacional de Doadores de Medula. <\/p>\n<p>A doa\u00e7\u00e3o de medula \u00f3ssea se d\u00e1 em caso de compatibilidade com algu\u00e9m que esteja a espera de transplantes. Para se tornar um poss\u00edvel doador, o interessado deve procurar um hemocentro ou o Banco de Sangue do pr\u00f3prio Inca para se cadastrar.<\/p>\n<p>Para doar, \u00e9 necess\u00e1rio apresentar bom estado de sa\u00fade, ter entre 18 e 55 anos,e n\u00e3o ter c\u00e2ncer, doen\u00e7as no sangue nem do sistema imunol\u00f3gico.<\/p>\n<p>Vin\u00edcius Lisboa &#8211; Rep\u00f3rter da Ag\u00eancia Brasil<br \/>\nColaborou a Rep\u00f3rter Tatiana Alves, do Radiojornalismo da EBC<br \/>\nEdi\u00e7\u00e3o: Val\u00e9ria Aguiar<br \/>\n13\/07\/2017<\/p>\n","protected":false},"excerpt":{"rendered":"<p>O Instituto Nacional de C\u00e2ncer Jos\u00e9 Alencar Gomes da Silva inaugurou uma nova ala no Centro de Transplantes de Medula \u00d3ssea. Com os quatro novos leitos, o instituto passa a contar com 16 e deve ampliar a oferta de cirurgias. A amplia\u00e7\u00e3o se deu em uma colabora\u00e7\u00e3o com a Associa\u00e7\u00e3o Pr\u00f3-Vita, que intermediou a parceria [&hellip;]<\/p>\n","protected":false},"author":2,"featured_media":35093,"comment_status":"open","ping_status":"closed","sticky":false,"template":"","format":"standard","meta":{"tdm_status":"","tdm_grid_status":"","footnotes":""},"categories":[22,5],"tags":[],"class_list":{"0":"post-116967","1":"post","2":"type-post","3":"status-publish","4":"format-standard","5":"has-post-thumbnail","7":"category-brasil","8":"category-saude-e-vida"},"_links":{"self":[{"href":"https:\/\/migracao.redenoticia.com.br\/noticia\/wp-json\/wp\/v2\/posts\/116967","targetHints":{"allow":["GET"]}}],"collection":[{"href":"https:\/\/migracao.redenoticia.com.br\/noticia\/wp-json\/wp\/v2\/posts"}],"about":[{"href":"https:\/\/migracao.redenoticia.com.br\/noticia\/wp-json\/wp\/v2\/types\/post"}],"author":[{"embeddable":true,"href":"https:\/\/migracao.redenoticia.com.br\/noticia\/wp-json\/wp\/v2\/users\/2"}],"replies":[{"embeddable":true,"href":"https:\/\/migracao.redenoticia.com.br\/noticia\/wp-json\/wp\/v2\/comments?post=116967"}],"version-history":[{"count":0,"href":"https:\/\/migracao.redenoticia.com.br\/noticia\/wp-json\/wp\/v2\/posts\/116967\/revisions"}],"wp:featuredmedia":[{"embeddable":true,"href":"https:\/\/migracao.redenoticia.com.br\/noticia\/wp-json\/wp\/v2\/media\/35093"}],"wp:attachment":[{"href":"https:\/\/migracao.redenoticia.com.br\/noticia\/wp-json\/wp\/v2\/media?parent=116967"}],"wp:term":[{"taxonomy":"category","embeddable":true,"href":"https:\/\/migracao.redenoticia.com.br\/noticia\/wp-json\/wp\/v2\/categories?post=116967"},{"taxonomy":"post_tag","embeddable":true,"href":"https:\/\/migracao.redenoticia.com.br\/noticia\/wp-json\/wp\/v2\/tags?post=116967"}],"curies":[{"name":"wp","href":"https:\/\/api.w.org\/{rel}","templated":true}]}}