{"id":116984,"date":"2017-07-13T16:40:21","date_gmt":"2017-07-13T19:40:21","guid":{"rendered":"https:\/\/www.redenoticia.com.br\/noticia\/?p=116984"},"modified":"2017-07-14T15:56:58","modified_gmt":"2017-07-14T18:56:58","slug":"novela-ribeirao-do-tempo-resumo-1407-joca-ve-sereno-saindo-do-casarao-de-flores","status":"publish","type":"post","link":"https:\/\/migracao.redenoticia.com.br\/noticia\/2017\/novela-ribeirao-do-tempo-resumo-1407-joca-ve-sereno-saindo-do-casarao-de-flores\/116984","title":{"rendered":"Novela \u201cRibeir\u00e3o do Tempo\u201d resumo 14\/07: Fil\u00f3 experimenta o vestido de noiva"},"content":{"rendered":"<p> <img loading=\"lazy\" decoding=\"async\" src=\"https:\/\/migracao.redenoticia.com.br\/noticia\/imagens\/ribeirao_do_tempo_novela_record_resumo-150x112.jpg\" alt=\"\" width=\"150\" height=\"112\" class=\"alignleft size-thumbnail wp-image-108265\" srcset=\"https:\/\/migracao.redenoticia.com.br\/noticia\/imagens\/ribeirao_do_tempo_novela_record_resumo-150x112.jpg 150w, https:\/\/migracao.redenoticia.com.br\/noticia\/imagens\/ribeirao_do_tempo_novela_record_resumo-265x198.jpg 265w\" sizes=\"auto, (max-width: 150px) 100vw, 150px\" \/><strong><em>Novela \u201cRibeir\u00e3o do Tempo\u201d resumo 14\/07<\/em><\/strong>: no capitulo 094 (*) da novela \u201cRibeir\u00e3o do Tempo\u201d, sexta-feira, 14 de julho, Ari recebe v\u00e1rios jumentinhos de barro, que encomendou para distribuir para o povo. Joca est\u00e1 pronto para sair, mas L\u00e9ia o impede. Joca sai rapidamente pela porta. Ele vai at\u00e9 o solar e conta a Arminda como foi o atentado. Joca e Arminda se beijam. Joca e Marta chegam ao local em que ele foi alvejado. Os dois tentam achar alguma evid\u00eancia do crime, mas n\u00e3o encontram. Joca leva Marta at\u00e9 a caverna de Bill, mas o ermit\u00e3o n\u00e3o est\u00e1 l\u00e1. <\/p>\n<p>Marta e Joca v\u00e3o embora da floresta sem encontrar nenhuma pista do atentado. O detetive afirma que vai provar que est\u00e1 falando a verdade. Ari chega muito cedo \u00e0 casa de Ajuricaba e lhe d\u00e1 uma garrafa de cacha\u00e7a de presente. O prefeito mostra os jumentinhos para Virg\u00ednia e Ajuricaba. O costureiro mostra o vestido de noiva para Filomena e ela fica deslumbrada. Animados, Tito, Iara e Newton descem o rio de caiaques. <\/p>\n<p>Joca pergunta a um homem se ele viu algum outro carro perto da floresta e ele responde que sim. O homem leva o detetive at\u00e9 o local onde o carro estava e diz que era um jipe. Fil\u00f3 experimenta o vestido e Diana e Elza ficam encantadas. O homem diz a Joca que o lugar estava cheio de lama e que o carro deve ter sa\u00eddo de l\u00e1 bem sujo. Joca pensa que a \u00fanica pessoa que tem um carro como o que descrito \u00e9 Flores. <\/p>\n<p>(*) edi\u00e7\u00e3o da Rede Record, Novela \u201cRibeir\u00e3o do Tempo\u201d, sujeito a altera\u00e7\u00e3o de data e conte\u00fado.<\/p>\n","protected":false},"excerpt":{"rendered":"<p>Novela \u201cRibeir\u00e3o do Tempo\u201d resumo 14\/07: no capitulo 094 (*) da novela \u201cRibeir\u00e3o do Tempo\u201d, sexta-feira, 14 de julho, Ari recebe v\u00e1rios jumentinhos de barro, que encomendou para distribuir para o povo. Joca est\u00e1 pronto para sair, mas L\u00e9ia o impede. Joca sai rapidamente pela porta. Ele vai at\u00e9 o solar e conta a Arminda [&hellip;]<\/p>\n","protected":false},"author":2,"featured_media":108265,"comment_status":"open","ping_status":"closed","sticky":false,"template":"","format":"standard","meta":{"tdm_status":"","tdm_grid_status":"","footnotes":""},"categories":[379,371,343],"tags":[441],"class_list":{"0":"post-116984","1":"post","2":"type-post","3":"status-publish","4":"format-standard","5":"has-post-thumbnail","7":"category-novelas","8":"category-rede-record","9":"category-televisao","10":"tag-resumo-do-dia"},"_links":{"self":[{"href":"https:\/\/migracao.redenoticia.com.br\/noticia\/wp-json\/wp\/v2\/posts\/116984","targetHints":{"allow":["GET"]}}],"collection":[{"href":"https:\/\/migracao.redenoticia.com.br\/noticia\/wp-json\/wp\/v2\/posts"}],"about":[{"href":"https:\/\/migracao.redenoticia.com.br\/noticia\/wp-json\/wp\/v2\/types\/post"}],"author":[{"embeddable":true,"href":"https:\/\/migracao.redenoticia.com.br\/noticia\/wp-json\/wp\/v2\/users\/2"}],"replies":[{"embeddable":true,"href":"https:\/\/migracao.redenoticia.com.br\/noticia\/wp-json\/wp\/v2\/comments?post=116984"}],"version-history":[{"count":0,"href":"https:\/\/migracao.redenoticia.com.br\/noticia\/wp-json\/wp\/v2\/posts\/116984\/revisions"}],"wp:featuredmedia":[{"embeddable":true,"href":"https:\/\/migracao.redenoticia.com.br\/noticia\/wp-json\/wp\/v2\/media\/108265"}],"wp:attachment":[{"href":"https:\/\/migracao.redenoticia.com.br\/noticia\/wp-json\/wp\/v2\/media?parent=116984"}],"wp:term":[{"taxonomy":"category","embeddable":true,"href":"https:\/\/migracao.redenoticia.com.br\/noticia\/wp-json\/wp\/v2\/categories?post=116984"},{"taxonomy":"post_tag","embeddable":true,"href":"https:\/\/migracao.redenoticia.com.br\/noticia\/wp-json\/wp\/v2\/tags?post=116984"}],"curies":[{"name":"wp","href":"https:\/\/api.w.org\/{rel}","templated":true}]}}