{"id":117,"date":"2009-04-08T12:06:00","date_gmt":"2009-04-08T15:06:00","guid":{"rendered":"http:\/\/www.redenoticia.com.br\/noticia\/?p=117"},"modified":"2009-04-09T22:29:22","modified_gmt":"2009-04-10T01:29:22","slug":"profuturofia-anuncia-resultados-de-pesquisa-sobre-identificacao-de-%e2%80%9cvacinas%e2%80%9d-contra-a-violencia-na-primeira-infancia","status":"publish","type":"post","link":"https:\/\/migracao.redenoticia.com.br\/noticia\/2009\/profuturofia-anuncia-resultados-de-pesquisa-sobre-identificacao-de-%e2%80%9cvacinas%e2%80%9d-contra-a-violencia-na-primeira-infancia\/117","title":{"rendered":"Profuturo\/FIA anuncia resultados de pesquisa sobre identifica\u00e7\u00e3o de \u201cvacinas\u201d contra a viol\u00eancia na primeira inf\u00e2ncia"},"content":{"rendered":"<p><span><img loading=\"lazy\" decoding=\"async\" class=\"alignleft\" src=\"http:\/\/farm4.static.flickr.com\/3319\/3424275824_3ff71cec2e.jpg\" alt=\"\" width=\"357\" height=\"500\" \/>O Profuturo (Programa de Estudos do Futuro), da FIA (Funda\u00e7\u00e3o de Instituto de Administra\u00e7\u00e3o), em parceria com o Instituto ZeroASeis, focado na produ\u00e7\u00e3o e dissemina\u00e7\u00e3o de conhecimento cientifico relacionado \u00e0 primeira inf\u00e2ncia, divulga os resultados iniciais da pesquisa &#8220;Identifica\u00e7\u00e3o de &#8216;Vacinas&#8217; Contra a Viol\u00eancia na Primeira Inf\u00e2ncia&#8221;. O estudo, apresentado em workshop e desenvolvido pelo modelo de pesquisa Delphi (pioneiro no Brasil para utiliza\u00e7\u00e3o de metodologias para prospec\u00e7\u00e3o estrat\u00e9gica do futuro), mostra os principais fatores de <strong>risco e prote\u00e7\u00e3o<\/strong>para a forma\u00e7\u00e3o socialmente saud\u00e1vel das crian\u00e7as e a cria\u00e7\u00e3o de um futuro menos violento.<\/span><\/p>\n<p><span><br \/>\n<\/span>O workshop contou com a presen\u00e7a de 30 participantes de \u00e1reas diversificadas, como Educa\u00e7\u00e3o, Sa\u00fade, Artes, Psicologia, Comunica\u00e7\u00e3o Social e Direito. Um primeiro ponto de consenso obtido a partir das discuss\u00f5es sobre esse tema foi de que a sexualiza\u00e7\u00e3o precoce da crian\u00e7a e o insuficiente conhecimento dos pais sobre a import\u00e2ncia dessa etapa da inf\u00e2ncia aumentam o risco da exposi\u00e7\u00e3o \u00e0 viol\u00eancia. Por outro lado, a melhoria da forma\u00e7\u00e3o dos cuidadores e educadores da primeira inf\u00e2ncia seriam importantes fatores de prote\u00e7\u00e3o a serem desenvolvidos.<\/p>\n<p><span><span style=\"FONT-SIZE: small\">A pesquisa, que utilizou a t\u00e9cnica Brainwriting &#8211; em que<\/span> pessoas podem ter ideias simult\u00e2neas, por meio da escrita, e s\u00e3o incentivadas a desenvolver aquelas geradas por outros participantes -,<\/span> levantou mais de 200 t\u00f3picos para an\u00e1lise. &#8220;\u00c9 extremamente importante tra\u00e7armos esses contornos sociais e identificarmos diretrizes a serem tomadas para que, desde a primeira inf\u00e2ncia, a crian\u00e7a tenha um direcionamento moral, social e de sa\u00fade que a exclua do cen\u00e1rio de viol\u00eancia e acene com um futuro promissor&#8221;, comenta o professor James Wright, coordenador do Profuturo.<\/p>\n<p><span><span style=\"FONT-SIZE: small\"><br \/>\nCom base na defini\u00e7\u00e3o de que a primeira inf\u00e2ncia compreende o per\u00edodo entre a pr\u00e9-concep\u00e7\u00e3o e o sexto ano de vida, os principais aspectos delineados durante o encontro foram:<br \/>\n<\/span><\/span><\/p>\n<ul>\n<li><strong><span>Fatores que impactam a forma\u00e7\u00e3o socialmente saud\u00e1vel do individuo:<\/span><\/strong> <span>o que pode interferir em um processo de desenvolvimento normal sob o ponto de vista da sa\u00fade mental e social do indiv\u00edduo.<br \/>\n<\/span><\/li>\n<li><strong><span>Fatores relacionados \u00e0 fam\u00edlia<\/span><\/strong> <span>como: despreparo parental (desconhecimento do desenvolvimento infantil e inadequa\u00e7\u00e3o de est\u00edmulo, neglig\u00eancia ou excesso); perpetua\u00e7\u00e3o do modelo agressivo; rejei\u00e7\u00e3o materna e paterna; uso de \u00e1lcool e drogas; aus\u00eancia dos pais no dia-a-dia em face do modelo social e corporativo que ignora a crian\u00e7a; falta de um modelo moral e cidadania; castigos severos e maus tratos; exposi\u00e7\u00e3o da crian\u00e7a \u00e0 m\u00eddia sem controle e supervis\u00e3o e perpetua\u00e7\u00e3o do preconceito contra a mulher.<\/span><\/li>\n<\/ul>\n<ul>\n<li><strong><span>Prote\u00e7\u00e3o (Vacina):<\/span><\/strong> <span>alimenta\u00e7\u00e3o adequada desde a gesta\u00e7\u00e3o &#8211; aleitamento materno e a primeira inf\u00e2ncia; pais preparados para os cuidados e educa\u00e7\u00e3o a crian\u00e7a; ambiente familiar saud\u00e1vel: com seguran\u00e7a, moradia e salubridade; uma fam\u00edlia que valorize o cantar, ouvir, brincar e interagir com a crian\u00e7a; pais que transmitam valores humanos.<\/span><\/li>\n<\/ul>\n<ul>\n<li><strong><span>J\u00e1 os fatores relacionados ao ambiente social<\/span><\/strong> <span>mostram os seguintes fatores de risco: n\u00e3o ter modelos a seguir; falta de espa\u00e7os p\u00fablicos que ofere\u00e7am seguran\u00e7a e isolamento; forma\u00e7\u00e3o inadequada de cuidadores e educadores; influ\u00eancias negativas na m\u00eddia; crian\u00e7as expostas \u00e0s drogas e alcoolismo; aplica\u00e7\u00e3o de recursos para a inf\u00e2ncia de forma eficaz; desigualdade social com falta de recursos b\u00e1sicos; conselhos tutelares despreparados; predomin\u00e2ncia do ter sobre o ser.<\/span><\/li>\n<li><strong><span>Prote\u00e7\u00e3o (Vacina) &#8211; Escola de Pais:<\/span><\/strong> <span>condi\u00e7\u00f5es para paternar e maternar; espa\u00e7os p\u00fablicos de lazer seguros; forma\u00e7\u00e3o dos educadores e cuidadores com foco na educa\u00e7\u00e3o para a paz; m\u00eddia mais respons\u00e1vel e alfabetiza\u00e7\u00e3o para a m\u00eddia; atendimento b\u00e1sico de sa\u00fade e educa\u00e7\u00e3o; pol\u00edticas publicas que priorizem a faixa et\u00e1ria de 0 a 6 anos (valoriza\u00e7\u00e3o da primeira inf\u00e2ncia); esfor\u00e7o concentrado para minimizar a exclus\u00e3o; projetos para a gravidez n\u00e3o desejada, fortalecer o conceito respons\u00e1vel.<br \/>\n<\/span><\/li>\n<li><strong><span>Outros fatores negativos que a pesquisa mostrou foram:<\/span><\/strong> <span>sexualidade precoce; crian\u00e7a exposta ao sofrimento f\u00edsico; insufici\u00eancia de valores e limites; viola\u00e7\u00e3o dos direitos das crian\u00e7as; insuficiente conhecimento sobre a dimens\u00e3o dos cuidados 0 a 6 anos; exposi\u00e7\u00e3o midi\u00e1tica inadequada para faixa et\u00e1ria; aus\u00eancia de estrutura familiar; aus\u00eancia de vinculo afetivo e n\u00e3o atendimento \u00e0s necessidades b\u00e1sica.<\/span><\/li>\n<\/ul>\n<ul>\n<li><strong><span>Prote\u00e7\u00e3o (Vacina):<\/span><\/strong> <span>gesta\u00e7\u00e3o pr\u00e9-natal acompanhada; educa\u00e7\u00e3o para forma\u00e7\u00e3o de valores; capacita\u00e7\u00e3o de cuidadores (pais, professores, entre outros); cuidados b\u00e1sicos com a alimenta\u00e7\u00e3o; acesso \u00e0 educa\u00e7\u00e3o (brinquedoteca, escola e biblioteca); estrutura familiar sadia; acesso ao lazer e \u00e0 arte para o desenvolvimento da criatividade e express\u00e3o e estimulo ao desenvolvimento emocional e cognitivo.<\/span><\/li>\n<\/ul>\n<p><strong><span><span style=\"FONT-SIZE: small\">Sobre o Profuturo:<\/span><\/span><\/strong><\/p>\n<p><span><span style=\"FONT-SIZE: small\">O Profuturo (Programa de Estudos do Futuro), que faz parte da FIA (Funda\u00e7\u00e3o Instituto de Administra\u00e7\u00e3o), foi criado em 1978 e tem por miss\u00e3o auxiliar empresas e institui\u00e7\u00f5es p\u00fablicas e privadas a aprimorar seus processos de planejamento, para que possam prever e lidar com as transforma\u00e7\u00f5es do seu ambiente de neg\u00f3cios, aproveitando as oportunidades para construir um futuro desej\u00e1vel. Ap\u00f3ia projetos de estudos prospectivos e desenvolvimento de tecnologia de ind\u00fastrias e outras organiza\u00e7\u00f5es. O Programa conta com uma equipe de engenheiros, administradores e economistas, al\u00e9m de especialistas externos como colaboradores e conv\u00eanios de coopera\u00e7\u00e3o com outras institui\u00e7\u00f5es.<\/span><\/span><\/p>\n<p><span style=\"FONT-SIZE: small\"><strong><span>Sobre a FIA:<\/span><\/strong> <span>eleita a melhor Escola de Neg\u00f3cios do Brasil, a FIA, um dos mais conceituados e respeitados centros educacionais do Pa\u00eds, possui 28 anos de atua\u00e7\u00e3o no setor. A entidade, credenciada junto ao MEC (Minist\u00e9rio da Educa\u00e7\u00e3o), atua em tr\u00eas frentes: consultoria, pesquisa e educa\u00e7\u00e3o, capacitando-a para desenvolver estudos e prestar servi\u00e7os nos mais variados campos de especializa\u00e7\u00e3o da Administra\u00e7\u00e3o. A FIA, , oferece 14 programas de MBAs com renomados professores e conte\u00fado atualizado com as tend\u00eancias e necessidades de mercado. S\u00e3o cursos que v\u00e3o desde Administra\u00e7\u00e3o de Projetos, Banking, Com\u00e9rcio Internacional at\u00e9 Gest\u00e3o e Empreendedorismo Social, Marketing de Servi\u00e7o s, Varejo, entre outros. Ao todo 52 professores atuam como coordenadores de projetos.<\/span><\/span><\/p>\n<p><span><span style=\"FONT-SIZE: small\"><br \/>\nTodos os MBAs oferecidos pela institui\u00e7\u00e3o alcan\u00e7aram credenciamento junto \u00e0 <em>The Association of MBAs<\/em> (AMBA), sediada em Londres, que referencia importantes escolas de neg\u00f3cios pelo mundo. Outro reconhecimento importante foi concedido pelo jornal brit\u00e2nico <em>Financial Times<\/em>. O MBA Executivo, oferecido pela FIA, ocupa a posi\u00e7\u00e3o de n\u00famero 29 no <em>ranking<\/em> dosmelhores MBAs Executivos das Am\u00e9ricas, sendo o \u00fanico MBA brasileiro no elaborado pelo jornal, que destaca, ainda, a qualidade do grupo de alunos: o 5\u00b0 mais experiente do mundo.<\/span><\/span><\/p>\n","protected":false},"excerpt":{"rendered":"<p>O Profuturo (Programa de Estudos do Futuro), da FIA (Funda\u00e7\u00e3o de Instituto de Administra\u00e7\u00e3o), em parceria com o Instituto ZeroASeis, focado na produ\u00e7\u00e3o e dissemina\u00e7\u00e3o de conhecimento cientifico relacionado \u00e0 primeira inf\u00e2ncia, divulga os resultados iniciais da pesquisa &#8220;Identifica\u00e7\u00e3o de &#8216;Vacinas&#8217; Contra a Viol\u00eancia na Primeira Inf\u00e2ncia&#8221;. O estudo, apresentado em workshop e desenvolvido pelo [&hellip;]<\/p>\n","protected":false},"author":2,"featured_media":0,"comment_status":"open","ping_status":"open","sticky":false,"template":"","format":"standard","meta":{"tdm_status":"","tdm_grid_status":"","footnotes":""},"categories":[5],"tags":[],"class_list":{"0":"post-117","1":"post","2":"type-post","3":"status-publish","4":"format-standard","6":"category-saude-e-vida"},"_links":{"self":[{"href":"https:\/\/migracao.redenoticia.com.br\/noticia\/wp-json\/wp\/v2\/posts\/117","targetHints":{"allow":["GET"]}}],"collection":[{"href":"https:\/\/migracao.redenoticia.com.br\/noticia\/wp-json\/wp\/v2\/posts"}],"about":[{"href":"https:\/\/migracao.redenoticia.com.br\/noticia\/wp-json\/wp\/v2\/types\/post"}],"author":[{"embeddable":true,"href":"https:\/\/migracao.redenoticia.com.br\/noticia\/wp-json\/wp\/v2\/users\/2"}],"replies":[{"embeddable":true,"href":"https:\/\/migracao.redenoticia.com.br\/noticia\/wp-json\/wp\/v2\/comments?post=117"}],"version-history":[{"count":0,"href":"https:\/\/migracao.redenoticia.com.br\/noticia\/wp-json\/wp\/v2\/posts\/117\/revisions"}],"wp:attachment":[{"href":"https:\/\/migracao.redenoticia.com.br\/noticia\/wp-json\/wp\/v2\/media?parent=117"}],"wp:term":[{"taxonomy":"category","embeddable":true,"href":"https:\/\/migracao.redenoticia.com.br\/noticia\/wp-json\/wp\/v2\/categories?post=117"},{"taxonomy":"post_tag","embeddable":true,"href":"https:\/\/migracao.redenoticia.com.br\/noticia\/wp-json\/wp\/v2\/tags?post=117"}],"curies":[{"name":"wp","href":"https:\/\/api.w.org\/{rel}","templated":true}]}}