{"id":117048,"date":"2017-07-14T16:37:19","date_gmt":"2017-07-14T19:37:19","guid":{"rendered":"https:\/\/www.redenoticia.com.br\/noticia\/?p=117048"},"modified":"2017-07-17T21:33:49","modified_gmt":"2017-07-18T00:33:49","slug":"novela-o-rico-e-lazaro-resumo-1707-nebuzarada-e-expulso-do-quarto-da-princesa","status":"publish","type":"post","link":"https:\/\/migracao.redenoticia.com.br\/noticia\/2017\/novela-o-rico-e-lazaro-resumo-1707-nebuzarada-e-expulso-do-quarto-da-princesa\/117048","title":{"rendered":"Novela \u201cO Rico e L\u00e1zaro\u201d resumo 17\/07: Neusta confessa crime contra a Babil\u00f4nia"},"content":{"rendered":"<p> <img loading=\"lazy\" decoding=\"async\" src=\"https:\/\/migracao.redenoticia.com.br\/noticia\/imagens\/o_rico_e_o_lazaro_resumo_novela_record-150x112.jpg\" alt=\"\" width=\"150\" height=\"112\" class=\"alignleft size-thumbnail wp-image-107948\" srcset=\"https:\/\/migracao.redenoticia.com.br\/noticia\/imagens\/o_rico_e_o_lazaro_resumo_novela_record-150x112.jpg 150w, https:\/\/migracao.redenoticia.com.br\/noticia\/imagens\/o_rico_e_o_lazaro_resumo_novela_record-265x198.jpg 265w\" sizes=\"auto, (max-width: 150px) 100vw, 150px\" \/><strong><em>Novela \u201cO Rico e L\u00e1zaro\u201d resumo 17\/07<\/em><\/strong>: no capitulo 091(*) da novela \u201cO Rico e L\u00e1zaro\u201d, segunda-feira, 17 de julho, Evil se surpreende ao saber que Joaquim foi preso. Neusta desmaia aos p\u00e9s do rei. Ilana pede para Joana e Rebeca buscarem \u00e1gua. Amitis conversa com Asher sobre Kassaia. Dalila reencontra Sadraque. Daniel diz que Aspenaz j\u00e1 tinha o alertado sobre uma poss\u00edvel alian\u00e7a entre Neusta e Irom, o rei de Tiro. Sammu e Nebuzarad\u00e3 comemoram o \u00eaxito do plano contra Joaquim. <\/p>\n<p>Aspenaz apresenta os jardins da rainha a Asher. Nabucodonosor diz que decidir\u00e1 a puni\u00e7\u00e3o para Joaquim. Beroso diz estar intrigado com o comportamento de Kassaia. Neusta se abre com Edissa e confessa ter tramado com o rei de Tiro contra a Babil\u00f4nia. <\/p>\n<p>Na pris\u00e3o, Ebede tenta acalmar Joaquim. Nicolau tenta descobrir o que Absalom est\u00e1 tramando. Arioque procura por Shag-Shag na Casa da Lua. Kassaia conta para Nebuzarad\u00e3 que o viu aos beijos com a sacerdotisa. Joana v\u00ea Fassur em estado deplor\u00e1vel e lhe oferece \u00e1gua.<\/p>\n<p>(*) edi\u00e7\u00e3o da Rede Record, Novela \u201cO Rico e L\u00e1zaro\u201d, sujeito a altera\u00e7\u00e3o de data e conte\u00fado.<\/p>\n","protected":false},"excerpt":{"rendered":"<p>Novela \u201cO Rico e L\u00e1zaro\u201d resumo 17\/07: no capitulo 091(*) da novela \u201cO Rico e L\u00e1zaro\u201d, segunda-feira, 17 de julho, Evil se surpreende ao saber que Joaquim foi preso. Neusta desmaia aos p\u00e9s do rei. Ilana pede para Joana e Rebeca buscarem \u00e1gua. Amitis conversa com Asher sobre Kassaia. Dalila reencontra Sadraque. Daniel diz que [&hellip;]<\/p>\n","protected":false},"author":2,"featured_media":107948,"comment_status":"open","ping_status":"closed","sticky":false,"template":"","format":"standard","meta":{"tdm_status":"","tdm_grid_status":"","footnotes":""},"categories":[379,371,343],"tags":[441],"class_list":{"0":"post-117048","1":"post","2":"type-post","3":"status-publish","4":"format-standard","5":"has-post-thumbnail","7":"category-novelas","8":"category-rede-record","9":"category-televisao","10":"tag-resumo-do-dia"},"_links":{"self":[{"href":"https:\/\/migracao.redenoticia.com.br\/noticia\/wp-json\/wp\/v2\/posts\/117048","targetHints":{"allow":["GET"]}}],"collection":[{"href":"https:\/\/migracao.redenoticia.com.br\/noticia\/wp-json\/wp\/v2\/posts"}],"about":[{"href":"https:\/\/migracao.redenoticia.com.br\/noticia\/wp-json\/wp\/v2\/types\/post"}],"author":[{"embeddable":true,"href":"https:\/\/migracao.redenoticia.com.br\/noticia\/wp-json\/wp\/v2\/users\/2"}],"replies":[{"embeddable":true,"href":"https:\/\/migracao.redenoticia.com.br\/noticia\/wp-json\/wp\/v2\/comments?post=117048"}],"version-history":[{"count":0,"href":"https:\/\/migracao.redenoticia.com.br\/noticia\/wp-json\/wp\/v2\/posts\/117048\/revisions"}],"wp:featuredmedia":[{"embeddable":true,"href":"https:\/\/migracao.redenoticia.com.br\/noticia\/wp-json\/wp\/v2\/media\/107948"}],"wp:attachment":[{"href":"https:\/\/migracao.redenoticia.com.br\/noticia\/wp-json\/wp\/v2\/media?parent=117048"}],"wp:term":[{"taxonomy":"category","embeddable":true,"href":"https:\/\/migracao.redenoticia.com.br\/noticia\/wp-json\/wp\/v2\/categories?post=117048"},{"taxonomy":"post_tag","embeddable":true,"href":"https:\/\/migracao.redenoticia.com.br\/noticia\/wp-json\/wp\/v2\/tags?post=117048"}],"curies":[{"name":"wp","href":"https:\/\/api.w.org\/{rel}","templated":true}]}}