{"id":117064,"date":"2017-07-13T16:33:15","date_gmt":"2017-07-13T19:33:15","guid":{"rendered":"https:\/\/www.redenoticia.com.br\/noticia\/?p=117064"},"modified":"2017-07-13T16:20:09","modified_gmt":"2017-07-13T19:20:09","slug":"resumo-novela-chiquititas-1407-carmen-altera-o-testamento-de-jose-ricardo","status":"publish","type":"post","link":"https:\/\/migracao.redenoticia.com.br\/noticia\/2017\/resumo-novela-chiquititas-1407-carmen-altera-o-testamento-de-jose-ricardo\/117064","title":{"rendered":"Resumo novela \u201cChiquititas\u201d 14\/07: Carmen altera o testamento de Jos\u00e9 Ricardo"},"content":{"rendered":"<p><img loading=\"lazy\" decoding=\"async\" class=\"alignleft size-thumbnail wp-image-49690\" src=\"https:\/\/migracao.redenoticia.com.br\/noticia\/imagens\/chiquititas1-150x112.jpg\" alt=\"chiquititas\" width=\"150\" height=\"112\" \/><strong><em>Resumo novela \u201cChiquititas\u201d 14\/07<\/em><\/strong>: no cap\u00edtulo 219(*) da novela \u201cChiquititas\u201d, resumo de sexta-feira, 14 de julho, Samuca usa uma maneira \u00fanica de falar, coloquial. Ele \u00e9 um garoto muito genioso e usa tecnologias inventadas por seu av\u00f4, um grande inventor. Clarita encontra um bilhete em sua bolsa dizendo que gostaria de uma chance para se conhecerem melhor, por\u00e9m o bilhete n\u00e3o possui assinatura. Beto avisa Tobias que recebeu uma liga\u00e7\u00e3o do cantor portugu\u00eas Roberto Leal, que pediu para se encontrar com eles. Clarita encontra outro bilhete e acha que \u00e9 Beto. O rapaz diz que n\u00e3o sabe do que ela est\u00e1 falando. Clarita passa a achar que se trata de Armando. Samuca l\u00ea um livro de f\u00edsica qu\u00e2ntica. Os meninos v\u00e3o ao quarto e encontram todos os instrumentos musicais restaurados. Samuca avisa que foi ele quem ajustou os instrumentos para os meninos. Tati, Ana, Thiago e Binho abrem as caixas de Samuca que est\u00e3o na sala de limpeza. Em meio a todas as caixas, uma eles n\u00e3o conseguem abrir. Samuca aparece e avisa que ningu\u00e9m jamais conseguir\u00e1 abrir. Armando diz que ele n\u00e3o escreveu nenhum bilhete para Clarita. Roberto Leal se encontra com Tobias e Beto no Caf\u00e9 Boutique, diz que teve conhecimento de toda a hist\u00f3ria por tr\u00e1s de Tom\u00e1s Feraz e que decidiu perdoar o restante da divida pelo uso indevido da can\u00e7\u00e3o \u2018A Festa Ainda Pode Ser Bonita\u2019. Roberto diz que acha que Tobias devia continuar com o Tom\u00e1s Ferraz. JP ensina Mili a tocar viol\u00e3o. Carmen altera o testamento e apaga toda cita\u00e7\u00e3o feita a Mili. Valentina avisa que o estado de sa\u00fade de Jos\u00e9 Ricardo piorou e os m\u00e9dicos pediram para eles irem ao hospital. Valentina vai ao orfanato e avisa sobre o estado delicado de sa\u00fade de Jos\u00e9 Ricardo e pergunta se as Chiquititas n\u00e3o querem ir ao hospital como gesto de carinho e gratid\u00e3o com Jos\u00e9 Ricardo. Mili e Pata prontamente avisam que querem ir.<\/p>\n<p>(*) edi\u00e7\u00e3o do SBT, Novela \u201cChiquititas\u201d, sujeito a altera\u00e7\u00e3o de data e conte\u00fado.<\/p>\n<p>Chiquititas gira em torno do orfanato Raio de Luz, que carrega em sua hist\u00f3ria um grande segredo envolvendo a fam\u00edlia e o dono do orfanato, Dr. Jos\u00e9 Ricardo Almeida Campos. Em um per\u00edodo anterior \u00e0 novela, exatos treze anos, sua filha Gabriela se apaixonou e ficou gr\u00e1vida de Miguel, filho de Valentina, empregada da casa dos Almeida Campos. Pouco depois, Jos\u00e9 Ricardo sequestrou sua neta, pois, como um homem conservador, ele n\u00e3o aceitava a ideia de que sua filha se envolvesse com um empregado. Como sua neta, Milena, apelidada como Mili, precisava de um lugar para morar, ele comprou um casar\u00e3o e fundou um orfanato, o Raio de Luz. Mili cresceu l\u00e1 com outras garotas que chegaram posteriormente: Bia, Ana, as irm\u00e3s Tati e Vivi, e Cris. Ao decorrer dos anos, elas se tornam uma fam\u00edlia. Elas s\u00e3o supervisionadas por Ernestina, zeladora do orfanato, e Chico, o cozinheiro amado pelas internas. Sofia, ex-governanta da fam\u00edlia Almeida Campos, \u00e9 a diretora do lugar, at\u00e9 que Carmem, irm\u00e3 de Jos\u00e9 Ricardo, entre em seu lugar. Chegam ainda mais \u00f3rf\u00e3os: Pata, Mosca, Binho e Rafa, que viviam nas ruas antes de entrarem na institui\u00e7\u00e3o. Pata e Mili tornam-se amigas rapidamente, enquanto Mosca, Binho e Rafa s\u00e3o os primeiros garotos a entrar no abrigo. As crian\u00e7as sem-teto foram ajudadas por uma doce e bela garota que tocam e mudam a vida delas, assim como as das garotas \u00f3rf\u00e3s.<\/p>\n","protected":false},"excerpt":{"rendered":"<p>Resumo novela \u201cChiquititas\u201d 14\/07: no cap\u00edtulo 219(*) da novela \u201cChiquititas\u201d, resumo de sexta-feira, 14 de julho, Samuca usa uma maneira \u00fanica de falar, coloquial. Ele \u00e9 um garoto muito genioso e usa tecnologias inventadas por seu av\u00f4, um grande inventor. Clarita encontra um bilhete em sua bolsa dizendo que gostaria de uma chance para se [&hellip;]<\/p>\n","protected":false},"author":4,"featured_media":49690,"comment_status":"open","ping_status":"closed","sticky":false,"template":"","format":"standard","meta":{"tdm_status":"","tdm_grid_status":"","footnotes":""},"categories":[409,379,372,343],"tags":[441],"class_list":{"0":"post-117064","1":"post","2":"type-post","3":"status-publish","4":"format-standard","5":"has-post-thumbnail","7":"category-chiquititas","8":"category-novelas","9":"category-sbt","10":"category-televisao","11":"tag-resumo-do-dia"},"_links":{"self":[{"href":"https:\/\/migracao.redenoticia.com.br\/noticia\/wp-json\/wp\/v2\/posts\/117064","targetHints":{"allow":["GET"]}}],"collection":[{"href":"https:\/\/migracao.redenoticia.com.br\/noticia\/wp-json\/wp\/v2\/posts"}],"about":[{"href":"https:\/\/migracao.redenoticia.com.br\/noticia\/wp-json\/wp\/v2\/types\/post"}],"author":[{"embeddable":true,"href":"https:\/\/migracao.redenoticia.com.br\/noticia\/wp-json\/wp\/v2\/users\/4"}],"replies":[{"embeddable":true,"href":"https:\/\/migracao.redenoticia.com.br\/noticia\/wp-json\/wp\/v2\/comments?post=117064"}],"version-history":[{"count":0,"href":"https:\/\/migracao.redenoticia.com.br\/noticia\/wp-json\/wp\/v2\/posts\/117064\/revisions"}],"wp:featuredmedia":[{"embeddable":true,"href":"https:\/\/migracao.redenoticia.com.br\/noticia\/wp-json\/wp\/v2\/media\/49690"}],"wp:attachment":[{"href":"https:\/\/migracao.redenoticia.com.br\/noticia\/wp-json\/wp\/v2\/media?parent=117064"}],"wp:term":[{"taxonomy":"category","embeddable":true,"href":"https:\/\/migracao.redenoticia.com.br\/noticia\/wp-json\/wp\/v2\/categories?post=117064"},{"taxonomy":"post_tag","embeddable":true,"href":"https:\/\/migracao.redenoticia.com.br\/noticia\/wp-json\/wp\/v2\/tags?post=117064"}],"curies":[{"name":"wp","href":"https:\/\/api.w.org\/{rel}","templated":true}]}}