{"id":117121,"date":"2017-07-14T16:30:58","date_gmt":"2017-07-14T19:30:58","guid":{"rendered":"https:\/\/www.redenoticia.com.br\/noticia\/?p=117121"},"modified":"2017-07-14T16:16:17","modified_gmt":"2017-07-14T19:16:17","slug":"resumo-novela-novo-mundo-1507-olinto-ve-thomas-e-avisa-joaquim","status":"publish","type":"post","link":"https:\/\/migracao.redenoticia.com.br\/noticia\/2017\/resumo-novela-novo-mundo-1507-olinto-ve-thomas-e-avisa-joaquim\/117121","title":{"rendered":"Resumo novela \u201cNovo Mundo\u201d 15\/07: Olinto v\u00ea Thomas e avisa  Joaquim"},"content":{"rendered":"<p><img loading=\"lazy\" decoding=\"async\" class=\"alignleft size-thumbnail wp-image-107950\" src=\"https:\/\/migracao.redenoticia.com.br\/noticia\/imagens\/novo_mundo_novela_resumo_globo-150x112.jpg\" alt=\"\" width=\"150\" height=\"112\" srcset=\"https:\/\/migracao.redenoticia.com.br\/noticia\/imagens\/novo_mundo_novela_resumo_globo-150x112.jpg 150w, https:\/\/migracao.redenoticia.com.br\/noticia\/imagens\/novo_mundo_novela_resumo_globo-265x198.jpg 265w\" sizes=\"auto, (max-width: 150px) 100vw, 150px\" \/><strong><em>Resumo novela \u201cNovo Mundo\u201d 15\/07<\/em><\/strong>: no cap\u00edtulo 100(*) da novela \u201cNovo Mundo\u201d, resumo de s\u00e1bado, 15 de julho, Domitila pede que Rosa avise a Dom Pedro sobre o ataque. Leopoldina \u00e9 fria com o marido. Thomas tenta apressar a viagem de sua comitiva at\u00e9 Santos. Dom Pedro decide dar um t\u00edtulo de nobreza a Domitila. Greta pede para Ferdinando acompanh\u00e1-la a um passeio pela mata. Germana se insinua para Hugo, que fica aflito. Anna reclama com Olinto de ter que abandonar sua vida por causa de Thomas. Piat\u00e3 faz um ritual de cura com Tibiri\u00e7\u00e1. Elvira se disfar\u00e7a e vai \u00e0 taberna encontrar Hugo. Sebasti\u00e3o decide fazer o casamento de Cec\u00edlia em sua casa. Lib\u00e9rio se desespera com a not\u00edcia. Wolfgang duvida da paternidade do filho de Diara. Anna tem um mau pressentimento. Olinto v\u00ea Thomas se aproximar com os soldados e avisa a Joaquim.<\/p>\n<p>(*) edi\u00e7\u00e3o da Rede Globo, Novela \u201cNovo Mundo\u201d, sujeito a altera\u00e7\u00e3o de data e conte\u00fado.<\/p>\n<p>Novo Mundo \u00e9 uma telenovela brasileira produzida pela Rede Globo. Escrita por Thereza Falc\u00e3o e Alessandro Marson, conta com dire\u00e7\u00e3o art\u00edstica de Vin\u00edcius Coimbra. Conta com as participa\u00e7\u00f5es de Isabelle Drummond, Chay Suede, Caio Castro, Let\u00edcia Colin, Leo Jaime, D\u00e9bora Olivieri, Rodrigo Simas, Giullia Buscacio, Vivianne Pasmanter, Guilherme Piva, R\u00f4mulo Estrela, Agatha Moreira, Luisa Micheletti, Gabriel Braga Nunes, e Ingrid Guimar\u00e3es.<\/p>\n","protected":false},"excerpt":{"rendered":"<p>Resumo novela \u201cNovo Mundo\u201d 15\/07: no cap\u00edtulo 100(*) da novela \u201cNovo Mundo\u201d, resumo de s\u00e1bado, 15 de julho, Domitila pede que Rosa avise a Dom Pedro sobre o ataque. Leopoldina \u00e9 fria com o marido. Thomas tenta apressar a viagem de sua comitiva at\u00e9 Santos. Dom Pedro decide dar um t\u00edtulo de nobreza a Domitila. [&hellip;]<\/p>\n","protected":false},"author":4,"featured_media":107950,"comment_status":"open","ping_status":"closed","sticky":false,"template":"","format":"standard","meta":{"tdm_status":"","tdm_grid_status":"","footnotes":""},"categories":[379,375,343],"tags":[441],"class_list":{"0":"post-117121","1":"post","2":"type-post","3":"status-publish","4":"format-standard","5":"has-post-thumbnail","7":"category-novelas","8":"category-rede-globo","9":"category-televisao","10":"tag-resumo-do-dia"},"_links":{"self":[{"href":"https:\/\/migracao.redenoticia.com.br\/noticia\/wp-json\/wp\/v2\/posts\/117121","targetHints":{"allow":["GET"]}}],"collection":[{"href":"https:\/\/migracao.redenoticia.com.br\/noticia\/wp-json\/wp\/v2\/posts"}],"about":[{"href":"https:\/\/migracao.redenoticia.com.br\/noticia\/wp-json\/wp\/v2\/types\/post"}],"author":[{"embeddable":true,"href":"https:\/\/migracao.redenoticia.com.br\/noticia\/wp-json\/wp\/v2\/users\/4"}],"replies":[{"embeddable":true,"href":"https:\/\/migracao.redenoticia.com.br\/noticia\/wp-json\/wp\/v2\/comments?post=117121"}],"version-history":[{"count":0,"href":"https:\/\/migracao.redenoticia.com.br\/noticia\/wp-json\/wp\/v2\/posts\/117121\/revisions"}],"wp:featuredmedia":[{"embeddable":true,"href":"https:\/\/migracao.redenoticia.com.br\/noticia\/wp-json\/wp\/v2\/media\/107950"}],"wp:attachment":[{"href":"https:\/\/migracao.redenoticia.com.br\/noticia\/wp-json\/wp\/v2\/media?parent=117121"}],"wp:term":[{"taxonomy":"category","embeddable":true,"href":"https:\/\/migracao.redenoticia.com.br\/noticia\/wp-json\/wp\/v2\/categories?post=117121"},{"taxonomy":"post_tag","embeddable":true,"href":"https:\/\/migracao.redenoticia.com.br\/noticia\/wp-json\/wp\/v2\/tags?post=117121"}],"curies":[{"name":"wp","href":"https:\/\/api.w.org\/{rel}","templated":true}]}}