{"id":117131,"date":"2017-07-15T00:06:42","date_gmt":"2017-07-15T03:06:42","guid":{"rendered":"https:\/\/www.redenoticia.com.br\/noticia\/?p=117131"},"modified":"2017-07-14T18:42:48","modified_gmt":"2017-07-14T21:42:48","slug":"resumo-novela-carinha-de-anjo-1707-gustavo-entrega-para-cecilia-uma-foto-dele-com-dulce","status":"publish","type":"post","link":"https:\/\/migracao.redenoticia.com.br\/noticia\/2017\/resumo-novela-carinha-de-anjo-1707-gustavo-entrega-para-cecilia-uma-foto-dele-com-dulce\/117131","title":{"rendered":"Resumo novela \u201cCarinha de Anjo\u201d 17\/07: Gustavo entrega para Cec\u00edlia uma foto dele com Dulce"},"content":{"rendered":"<p><img loading=\"lazy\" decoding=\"async\" class=\"alignleft size-thumbnail wp-image-99331\" src=\"https:\/\/migracao.redenoticia.com.br\/noticia\/imagens\/carinha_de_anjo_sbt_novela_resumo_capitulo-150x112.jpg\" alt=\"carinha_de_anjo_sbt_novela_resumo_capitulo\" width=\"150\" height=\"112\" srcset=\"https:\/\/migracao.redenoticia.com.br\/noticia\/imagens\/carinha_de_anjo_sbt_novela_resumo_capitulo-150x112.jpg 150w, https:\/\/migracao.redenoticia.com.br\/noticia\/imagens\/carinha_de_anjo_sbt_novela_resumo_capitulo-265x198.jpg 265w\" sizes=\"auto, (max-width: 150px) 100vw, 150px\" \/><strong><em>Resumo novela \u201cCarinha de Anjo\u201d 17\/07<\/em><\/strong>: no cap\u00edtulo 171(*) da novela \u201cCarinha de Anjo\u201d, resumo de segunda-feira, 17 de julho, Gustavo tenta conversar com Dulce Maria para contar que Cec\u00edlia ir\u00e1 deixar o internato. A carinha de anjo fica triste e sai correndo atr\u00e1s de Cec\u00edlia. Madre Superiora comunica para as freiras, In\u00e1cio, P\u00e1scoal e Diana que Cec\u00edlia n\u00e3o \u00e9 mais uma novi\u00e7a. A religiosa avisa ainda que ela mesma dar\u00e1 a not\u00edcia para todas as crian\u00e7as. Dulce pede para que Cec\u00edlia n\u00e3o v\u00e1 embora. A ex-novi\u00e7a diz que estar\u00e1 sempre por perto, mas que precisa desse tempo para colocar sua cabe\u00e7a no lugar. Cec\u00edlia garante que um dia a menina vai compreender tudo. Dulce Maria ganha de presente uma foto de Cec\u00edlia. Gustavo entra no quarto emocionado com a conversa entre as duas e entrega para Cec\u00edlia uma foto dele com Dulce para que ela tamb\u00e9m guarde uma recorda\u00e7\u00e3o da carinha de anjo. Estef\u00e2nia e Vitor chegam ao internato para dar apoio a Gustavo e Dulce Maria. Cec\u00edlia vai embora do internato, se despede dos amigos e lembra de v\u00e1rios momentos que viveu no local.<\/p>\n<p>(*) edi\u00e7\u00e3o do SBT, Novela \u201cCarinha de Anjo\u201d, sujeito a altera\u00e7\u00e3o de data e conte\u00fado.<\/p>\n<p>Carinha de Anjo \u00e9 uma telenovela brasileira produzida e exibida originalmente pelo SBT desde o dia 21 de novembro de 2016, substituindo o hor\u00e1rio anteriormente ocupado por C\u00famplices de um Resgate. A telenovela \u00e9 inspirada na mexicana Carita de \u00e1ngel, que, por sua vez, \u00e9 um remake de Mundo de juguete, ambas produzidas pela Televisa e que haviam sido baseadas na trama argentina escrita por Abel Santa Cruz, Pap\u00e1 coraz\u00f3n. Esta ser\u00e1 a segunda adapta\u00e7\u00e3o brasileira da obra original argentina, visto que a Rede Tupi apresentou em 1976 a sua primeira vers\u00e3o, chamada de Papai Cora\u00e7\u00e3o. A nova vers\u00e3o \u00e9 escrita por Leonor Corr\u00eaa, com supervis\u00e3o de \u00cdris Abravanel e dire\u00e7\u00e3o geral de Ricardo Mantoanelli. A trama conta com Lorena Queiroz, Bia Arantes, Carlo Porto, Priscila Sol, Dani Gondim, Karin Hils, Eliana Guttman e Lucero nos pap\u00e9is principais.<\/p>\n","protected":false},"excerpt":{"rendered":"<p>Resumo novela \u201cCarinha de Anjo\u201d 17\/07: no cap\u00edtulo 171(*) da novela \u201cCarinha de Anjo\u201d, resumo de segunda-feira, 17 de julho, Gustavo tenta conversar com Dulce Maria para contar que Cec\u00edlia ir\u00e1 deixar o internato. A carinha de anjo fica triste e sai correndo atr\u00e1s de Cec\u00edlia. Madre Superiora comunica para as freiras, In\u00e1cio, P\u00e1scoal e [&hellip;]<\/p>\n","protected":false},"author":4,"featured_media":99331,"comment_status":"open","ping_status":"closed","sticky":false,"template":"","format":"standard","meta":{"tdm_status":"","tdm_grid_status":"","footnotes":""},"categories":[452,379,372,343],"tags":[441],"class_list":{"0":"post-117131","1":"post","2":"type-post","3":"status-publish","4":"format-standard","5":"has-post-thumbnail","7":"category-carinha-de-anjo","8":"category-novelas","9":"category-sbt","10":"category-televisao","11":"tag-resumo-do-dia"},"_links":{"self":[{"href":"https:\/\/migracao.redenoticia.com.br\/noticia\/wp-json\/wp\/v2\/posts\/117131","targetHints":{"allow":["GET"]}}],"collection":[{"href":"https:\/\/migracao.redenoticia.com.br\/noticia\/wp-json\/wp\/v2\/posts"}],"about":[{"href":"https:\/\/migracao.redenoticia.com.br\/noticia\/wp-json\/wp\/v2\/types\/post"}],"author":[{"embeddable":true,"href":"https:\/\/migracao.redenoticia.com.br\/noticia\/wp-json\/wp\/v2\/users\/4"}],"replies":[{"embeddable":true,"href":"https:\/\/migracao.redenoticia.com.br\/noticia\/wp-json\/wp\/v2\/comments?post=117131"}],"version-history":[{"count":0,"href":"https:\/\/migracao.redenoticia.com.br\/noticia\/wp-json\/wp\/v2\/posts\/117131\/revisions"}],"wp:featuredmedia":[{"embeddable":true,"href":"https:\/\/migracao.redenoticia.com.br\/noticia\/wp-json\/wp\/v2\/media\/99331"}],"wp:attachment":[{"href":"https:\/\/migracao.redenoticia.com.br\/noticia\/wp-json\/wp\/v2\/media?parent=117131"}],"wp:term":[{"taxonomy":"category","embeddable":true,"href":"https:\/\/migracao.redenoticia.com.br\/noticia\/wp-json\/wp\/v2\/categories?post=117131"},{"taxonomy":"post_tag","embeddable":true,"href":"https:\/\/migracao.redenoticia.com.br\/noticia\/wp-json\/wp\/v2\/tags?post=117131"}],"curies":[{"name":"wp","href":"https:\/\/api.w.org\/{rel}","templated":true}]}}