{"id":117133,"date":"2017-07-15T00:07:34","date_gmt":"2017-07-15T03:07:34","guid":{"rendered":"https:\/\/www.redenoticia.com.br\/noticia\/?p=117133"},"modified":"2017-07-14T18:43:00","modified_gmt":"2017-07-14T21:43:00","slug":"resumo-novela-chiquititas-1707-jose-ricardo-pede-perdao-a-mili","status":"publish","type":"post","link":"https:\/\/migracao.redenoticia.com.br\/noticia\/2017\/resumo-novela-chiquititas-1707-jose-ricardo-pede-perdao-a-mili\/117133","title":{"rendered":"Resumo novela \u201cChiquititas\u201d 17\/07: Jos\u00e9 Ricardo pede perd\u00e3o \u00e0 Mili"},"content":{"rendered":"<p><img loading=\"lazy\" decoding=\"async\" class=\"alignleft size-thumbnail wp-image-49690\" src=\"https:\/\/migracao.redenoticia.com.br\/noticia\/imagens\/chiquititas1-150x112.jpg\" alt=\"chiquititas\" width=\"150\" height=\"112\" \/><strong><em>Resumo novela \u201cChiquititas\u201d 17\/07<\/em><\/strong>: no cap\u00edtulo 220(*) da novela \u201cChiquititas\u201d, resumo de segunda-feira, 17 de julho, Junior, que est\u00e1 como escravo e prisioneiro de um grupo na floresta Amaz\u00f4nica descobre atrav\u00e9s de um antigo ref\u00e9m do local que o acidente a\u00e9reo n\u00e3o foi acidente. Clarita continua ansiosa para saber quem est\u00e1 lhe enviando cartas amorosas secretas. \u00c9rica diz que s\u00f3 Clarita n\u00e3o reparou que quem envia os bilhetes \u00e9 Francis. Clarita estranha e diz que eles s\u00e3o apenas amigos. Mili, Pata e Cris v\u00e3o at\u00e9 o hospital desejar melhoras para Jos\u00e9 Ricardo. Emocionado, Jos\u00e9 Ricardo pede que Mili se aproxime e, com muita dificuldade, diz apenas uma palavra para ela: \u201cPerd\u00e3o\u201d. Mili se emociona e ningu\u00e9m entende. Samuca lan\u00e7a mais um invento seu, desta vez para ajudar Dani. Trata-se de um dispositivo para que Dani possa chamar Ernestina, que na verdade \u00e9 Matilde, sempre que precisar. Francis assume para Clarita que est\u00e1 apaixonado por ela h\u00e1 um bom tempo e que ele \u00e9 o autor dos bilhetes. Carmen entra no quarto de Jos\u00e9 Ricardo \u2013 no hospital \u2013 e consegue que ele assine o falso testamento que beneficia apenas Carmen. Valentina chega, mas n\u00e3o a tempo de interromper a assinatura. A governanta n\u00e3o desconfia de nada, mas estranha a atitude de Carmen, que alegou serem documentos do Caf\u00e9 Boutique. Junior tenta pensar em algum jeito de sair do cativeiro na floresta Amaz\u00f4nica. Na mans\u00e3o dos Almeida Campos, Valentina decide mexer nos papeis que Carmen levou pra Jos\u00e9 Ricardo assinar e descobre que se trata de um testamento alterado, que tira a heran\u00e7a que seria deixada para Mili. Carmen aparece. As duas discutem e Valentina diz que n\u00e3o \u00e9 pra Carmen chegar perto de sua neta, Mili. Thiago e Binho est\u00e3o na cozinha comendo bolo durante a noite. Samuca aparece son\u00e2mbulo. Os meninos v\u00e3o atr\u00e1s dele e ficam assustados. Na manh\u00e3 seguinte os meninos contam para Tati e Ana sobre o sonambulismo de Samuca. Mili est\u00e1 na casa de JP, os dois conversam e o garoto diz que ap\u00f3s a \u00faltima conversa ele se sentiu inspirado e comp\u00f4s uma can\u00e7\u00e3o. JP canta para Mili. Junior tenta ajudar um garoto que tamb\u00e9m \u00e9 mantido ref\u00e9m e com trabalho escravo \u2013 Trata-se da estreia do personagem Neco, mas \u00e9 impedido pelos capangas.<\/p>\n<p>(*) edi\u00e7\u00e3o do SBT, Novela \u201cChiquititas\u201d, sujeito a altera\u00e7\u00e3o de data e conte\u00fado.<\/p>\n<p>Chiquititas gira em torno do orfanato Raio de Luz, que carrega em sua hist\u00f3ria um grande segredo envolvendo a fam\u00edlia e o dono do orfanato, Dr. Jos\u00e9 Ricardo Almeida Campos. Em um per\u00edodo anterior \u00e0 novela, exatos treze anos, sua filha Gabriela se apaixonou e ficou gr\u00e1vida de Miguel, filho de Valentina, empregada da casa dos Almeida Campos. Pouco depois, Jos\u00e9 Ricardo sequestrou sua neta, pois, como um homem conservador, ele n\u00e3o aceitava a ideia de que sua filha se envolvesse com um empregado. Como sua neta, Milena, apelidada como Mili, precisava de um lugar para morar, ele comprou um casar\u00e3o e fundou um orfanato, o Raio de Luz. Mili cresceu l\u00e1 com outras garotas que chegaram posteriormente: Bia, Ana, as irm\u00e3s Tati e Vivi, e Cris. Ao decorrer dos anos, elas se tornam uma fam\u00edlia. Elas s\u00e3o supervisionadas por Ernestina, zeladora do orfanato, e Chico, o cozinheiro amado pelas internas. Sofia, ex-governanta da fam\u00edlia Almeida Campos, \u00e9 a diretora do lugar, at\u00e9 que Carmem, irm\u00e3 de Jos\u00e9 Ricardo, entre em seu lugar. Chegam ainda mais \u00f3rf\u00e3os: Pata, Mosca, Binho e Rafa, que viviam nas ruas antes de entrarem na institui\u00e7\u00e3o. Pata e Mili tornam-se amigas rapidamente, enquanto Mosca, Binho e Rafa s\u00e3o os primeiros garotos a entrar no abrigo. As crian\u00e7as sem-teto foram ajudadas por uma doce e bela garota que tocam e mudam a vida delas, assim como as das garotas \u00f3rf\u00e3s.<\/p>\n","protected":false},"excerpt":{"rendered":"<p>Resumo novela \u201cChiquititas\u201d 17\/07: no cap\u00edtulo 220(*) da novela \u201cChiquititas\u201d, resumo de segunda-feira, 17 de julho, Junior, que est\u00e1 como escravo e prisioneiro de um grupo na floresta Amaz\u00f4nica descobre atrav\u00e9s de um antigo ref\u00e9m do local que o acidente a\u00e9reo n\u00e3o foi acidente. Clarita continua ansiosa para saber quem est\u00e1 lhe enviando cartas amorosas [&hellip;]<\/p>\n","protected":false},"author":4,"featured_media":49690,"comment_status":"open","ping_status":"closed","sticky":false,"template":"","format":"standard","meta":{"tdm_status":"","tdm_grid_status":"","footnotes":""},"categories":[409,379,372,343],"tags":[441],"class_list":{"0":"post-117133","1":"post","2":"type-post","3":"status-publish","4":"format-standard","5":"has-post-thumbnail","7":"category-chiquititas","8":"category-novelas","9":"category-sbt","10":"category-televisao","11":"tag-resumo-do-dia"},"_links":{"self":[{"href":"https:\/\/migracao.redenoticia.com.br\/noticia\/wp-json\/wp\/v2\/posts\/117133","targetHints":{"allow":["GET"]}}],"collection":[{"href":"https:\/\/migracao.redenoticia.com.br\/noticia\/wp-json\/wp\/v2\/posts"}],"about":[{"href":"https:\/\/migracao.redenoticia.com.br\/noticia\/wp-json\/wp\/v2\/types\/post"}],"author":[{"embeddable":true,"href":"https:\/\/migracao.redenoticia.com.br\/noticia\/wp-json\/wp\/v2\/users\/4"}],"replies":[{"embeddable":true,"href":"https:\/\/migracao.redenoticia.com.br\/noticia\/wp-json\/wp\/v2\/comments?post=117133"}],"version-history":[{"count":0,"href":"https:\/\/migracao.redenoticia.com.br\/noticia\/wp-json\/wp\/v2\/posts\/117133\/revisions"}],"wp:featuredmedia":[{"embeddable":true,"href":"https:\/\/migracao.redenoticia.com.br\/noticia\/wp-json\/wp\/v2\/media\/49690"}],"wp:attachment":[{"href":"https:\/\/migracao.redenoticia.com.br\/noticia\/wp-json\/wp\/v2\/media?parent=117133"}],"wp:term":[{"taxonomy":"category","embeddable":true,"href":"https:\/\/migracao.redenoticia.com.br\/noticia\/wp-json\/wp\/v2\/categories?post=117133"},{"taxonomy":"post_tag","embeddable":true,"href":"https:\/\/migracao.redenoticia.com.br\/noticia\/wp-json\/wp\/v2\/tags?post=117133"}],"curies":[{"name":"wp","href":"https:\/\/api.w.org\/{rel}","templated":true}]}}