{"id":117139,"date":"2017-07-15T16:35:09","date_gmt":"2017-07-15T19:35:09","guid":{"rendered":"https:\/\/www.redenoticia.com.br\/noticia\/?p=117139"},"modified":"2017-07-14T16:35:53","modified_gmt":"2017-07-14T19:35:53","slug":"resumo-novela-novo-mundo-1707-anna-olinto-e-as-criancas-pedem-abrigo-na-casa-de-peter","status":"publish","type":"post","link":"https:\/\/migracao.redenoticia.com.br\/noticia\/2017\/resumo-novela-novo-mundo-1707-anna-olinto-e-as-criancas-pedem-abrigo-na-casa-de-peter\/117139","title":{"rendered":"Resumo novela \u201cNovo Mundo\u201d 17\/07: Anna, Olinto e as crian\u00e7as pedem abrigo na casa de Peter"},"content":{"rendered":"<p><img loading=\"lazy\" decoding=\"async\" class=\"alignleft size-thumbnail wp-image-107950\" src=\"https:\/\/migracao.redenoticia.com.br\/noticia\/imagens\/novo_mundo_novela_resumo_globo-150x112.jpg\" alt=\"\" width=\"150\" height=\"112\" srcset=\"https:\/\/migracao.redenoticia.com.br\/noticia\/imagens\/novo_mundo_novela_resumo_globo-150x112.jpg 150w, https:\/\/migracao.redenoticia.com.br\/noticia\/imagens\/novo_mundo_novela_resumo_globo-265x198.jpg 265w\" sizes=\"auto, (max-width: 150px) 100vw, 150px\" \/><strong><em>Resumo novela \u201cNovo Mundo\u201d 17\/07<\/em><\/strong>: no cap\u00edtulo 101(*) da novela \u201cNovo Mundo\u201d, resumo de segunda-feira, 17 de julho, Joaquim \u00e9 preso. Anna afirma a Olinto que desembarcar\u00e1 no Rio de Janeiro. Hugo convence Germana a parar de assedi\u00e1-lo. Bonif\u00e1cio recrimina Dom Pedro por querer dar um t\u00edtulo de nobreza a Domitila. Cec\u00edlia e Lib\u00e9rio combinam de casar assim que Sebasti\u00e3o viajar. Diara se espanta ao saber que Greta sair\u00e1 com Ferdinando. Domitila recebe dinheiro de um fazendeiro para manipular Dom Pedro. Greta diz que ajudar\u00e1 Ferdinando com suas pesquisas. Thomas exige que seus homens encontrem Anna. Joaquim presta depoimento a Eg\u00eddio. Germana v\u00ea Hugo beijar um homem, sem saber que \u00e9 Elvira disfar\u00e7ada. Patr\u00edcio v\u00ea Bonif\u00e1cio com Lurdes e desconfia do casal. Anna, Olinto e as crian\u00e7as pedem abrigo na casa de Peter.<\/p>\n<p>(*) edi\u00e7\u00e3o da Rede Globo, Novela \u201cNovo Mundo\u201d, sujeito a altera\u00e7\u00e3o de data e conte\u00fado.<\/p>\n<p>Novo Mundo \u00e9 uma telenovela brasileira produzida pela Rede Globo. Escrita por Thereza Falc\u00e3o e Alessandro Marson, conta com dire\u00e7\u00e3o art\u00edstica de Vin\u00edcius Coimbra. Conta com as participa\u00e7\u00f5es de Isabelle Drummond, Chay Suede, Caio Castro, Let\u00edcia Colin, Leo Jaime, D\u00e9bora Olivieri, Rodrigo Simas, Giullia Buscacio, Vivianne Pasmanter, Guilherme Piva, R\u00f4mulo Estrela, Agatha Moreira, Luisa Micheletti, Gabriel Braga Nunes, e Ingrid Guimar\u00e3es.<\/p>\n","protected":false},"excerpt":{"rendered":"<p>Resumo novela \u201cNovo Mundo\u201d 17\/07: no cap\u00edtulo 101(*) da novela \u201cNovo Mundo\u201d, resumo de segunda-feira, 17 de julho, Joaquim \u00e9 preso. Anna afirma a Olinto que desembarcar\u00e1 no Rio de Janeiro. Hugo convence Germana a parar de assedi\u00e1-lo. Bonif\u00e1cio recrimina Dom Pedro por querer dar um t\u00edtulo de nobreza a Domitila. Cec\u00edlia e Lib\u00e9rio combinam [&hellip;]<\/p>\n","protected":false},"author":4,"featured_media":107950,"comment_status":"open","ping_status":"closed","sticky":false,"template":"","format":"standard","meta":{"tdm_status":"","tdm_grid_status":"","footnotes":""},"categories":[379,375,343],"tags":[441],"class_list":{"0":"post-117139","1":"post","2":"type-post","3":"status-publish","4":"format-standard","5":"has-post-thumbnail","7":"category-novelas","8":"category-rede-globo","9":"category-televisao","10":"tag-resumo-do-dia"},"_links":{"self":[{"href":"https:\/\/migracao.redenoticia.com.br\/noticia\/wp-json\/wp\/v2\/posts\/117139","targetHints":{"allow":["GET"]}}],"collection":[{"href":"https:\/\/migracao.redenoticia.com.br\/noticia\/wp-json\/wp\/v2\/posts"}],"about":[{"href":"https:\/\/migracao.redenoticia.com.br\/noticia\/wp-json\/wp\/v2\/types\/post"}],"author":[{"embeddable":true,"href":"https:\/\/migracao.redenoticia.com.br\/noticia\/wp-json\/wp\/v2\/users\/4"}],"replies":[{"embeddable":true,"href":"https:\/\/migracao.redenoticia.com.br\/noticia\/wp-json\/wp\/v2\/comments?post=117139"}],"version-history":[{"count":0,"href":"https:\/\/migracao.redenoticia.com.br\/noticia\/wp-json\/wp\/v2\/posts\/117139\/revisions"}],"wp:featuredmedia":[{"embeddable":true,"href":"https:\/\/migracao.redenoticia.com.br\/noticia\/wp-json\/wp\/v2\/media\/107950"}],"wp:attachment":[{"href":"https:\/\/migracao.redenoticia.com.br\/noticia\/wp-json\/wp\/v2\/media?parent=117139"}],"wp:term":[{"taxonomy":"category","embeddable":true,"href":"https:\/\/migracao.redenoticia.com.br\/noticia\/wp-json\/wp\/v2\/categories?post=117139"},{"taxonomy":"post_tag","embeddable":true,"href":"https:\/\/migracao.redenoticia.com.br\/noticia\/wp-json\/wp\/v2\/tags?post=117139"}],"curies":[{"name":"wp","href":"https:\/\/api.w.org\/{rel}","templated":true}]}}