{"id":117224,"date":"2017-07-18T00:04:17","date_gmt":"2017-07-18T03:04:17","guid":{"rendered":"https:\/\/www.redenoticia.com.br\/noticia\/?p=117224"},"modified":"2017-07-17T16:06:38","modified_gmt":"2017-07-17T19:06:38","slug":"unb-publica-abertura-de-vestibular-para-licenciatura-em-educacao-do-campo","status":"publish","type":"post","link":"https:\/\/migracao.redenoticia.com.br\/noticia\/2017\/unb-publica-abertura-de-vestibular-para-licenciatura-em-educacao-do-campo\/117224","title":{"rendered":"UnB publica abertura de Vestibular para Licenciatura em Educa\u00e7\u00e3o do Campo"},"content":{"rendered":"<p> A Universidade de Bras\u00edlia (UnB) divulgou a abertura do <strong><em>Vestibular para o curso de Licenciatura em Educa\u00e7\u00e3o do Campo<\/em><\/strong>, com a oferta de 140 vagas, na modalidade presencial. Os selecionados ser\u00e3o convocados em regime de altern\u00e2ncia: os primeiros 70 colocados ingressam no primeiro semestre de 2018 enquanto os outros 70 classificados ingressam no segundo semestre de 2018.<\/p>\n<p>As inscri\u00e7\u00f5es estar\u00e3o abertas entre 31 de julho e 31 de agosto, no site\u00a0. Os interessados em se inscrever que n\u00e3o tiverem acesso \u00e0 internet poder\u00e3o realizar o procedimento nas cidades de Cavalcante (GO) ou Planaltina (DF), conforme indicado no edital de abertura da sele\u00e7\u00e3o. A inscri\u00e7\u00e3o \u00e9 gratuita.<\/p>\n<p>O Vestibular faz parte da implanta\u00e7\u00e3o da proposta do Minist\u00e9rio da Educa\u00e7\u00e3o (MEC) para a oferta de cursos de Licenciatura em Educa\u00e7\u00e3o do Campo. Tamb\u00e9m por meio do Vestibular, a UnB visa ampliar e interiorizar a oferta de ensino superior p\u00fablico e gratuito, incentivando a forma\u00e7\u00e3o de professores que atuar\u00e3o na educa\u00e7\u00e3o b\u00e1sica em escolas do campo na regi\u00e3o do Distrito Federal (DF) e entorno e em Goi\u00e1s (GO).<\/p>\n<p>O Vestibular \u00e9 destinado \u00e0 popula\u00e7\u00e3o do campo e, para concorrer, \u00e9 preciso que os candidatos tenham conclu\u00eddo o ensino m\u00e9dio ou estejam em fase de conclus\u00e3o e n\u00e3o possuam forma\u00e7\u00e3o em n\u00edvel superior anteriormente. Outros requisitos est\u00e3o descritos no edital de abertura da sele\u00e7\u00e3o.<\/p>\n<p>SERVI\u00c7O<br \/>\nSele\u00e7\u00e3o: Vestibular para Licenciatura em Educa\u00e7\u00e3o do Campo<br \/>\nVagas: 140 (70 para 1\u00ba semestre de 2018 e 70 para 2\u00ba semestre de 2018)<br \/>\nInscri\u00e7\u00f5es: entre 31 de julho e 31 de agosto<\/p>\n<p>CONTATO<br \/>\nOutras informa\u00e7\u00f5es no site  ou na Central de Atendimento ao Candidato do Cebraspe, de segunda a sexta, das 8h \u00e0s 19h \u2013 Campus Universit\u00e1rio Darcy Ribeiro, Sede do Cebraspe \u2013 pelo telefone (61) 3448 0100.<\/p>\n","protected":false},"excerpt":{"rendered":"<p>A Universidade de Bras\u00edlia (UnB) divulgou a abertura do Vestibular para o curso de Licenciatura em Educa\u00e7\u00e3o do Campo, com a oferta de 140 vagas, na modalidade presencial. Os selecionados ser\u00e3o convocados em regime de altern\u00e2ncia: os primeiros 70 colocados ingressam no primeiro semestre de 2018 enquanto os outros 70 classificados ingressam no segundo semestre [&hellip;]<\/p>\n","protected":false},"author":2,"featured_media":34896,"comment_status":"open","ping_status":"closed","sticky":false,"template":"","format":"standard","meta":{"tdm_status":"","tdm_grid_status":"","footnotes":""},"categories":[22,370,295],"tags":[],"class_list":{"0":"post-117224","1":"post","2":"type-post","3":"status-publish","4":"format-standard","5":"has-post-thumbnail","7":"category-brasil","8":"category-inscricao","9":"category-vestibular"},"_links":{"self":[{"href":"https:\/\/migracao.redenoticia.com.br\/noticia\/wp-json\/wp\/v2\/posts\/117224","targetHints":{"allow":["GET"]}}],"collection":[{"href":"https:\/\/migracao.redenoticia.com.br\/noticia\/wp-json\/wp\/v2\/posts"}],"about":[{"href":"https:\/\/migracao.redenoticia.com.br\/noticia\/wp-json\/wp\/v2\/types\/post"}],"author":[{"embeddable":true,"href":"https:\/\/migracao.redenoticia.com.br\/noticia\/wp-json\/wp\/v2\/users\/2"}],"replies":[{"embeddable":true,"href":"https:\/\/migracao.redenoticia.com.br\/noticia\/wp-json\/wp\/v2\/comments?post=117224"}],"version-history":[{"count":0,"href":"https:\/\/migracao.redenoticia.com.br\/noticia\/wp-json\/wp\/v2\/posts\/117224\/revisions"}],"wp:featuredmedia":[{"embeddable":true,"href":"https:\/\/migracao.redenoticia.com.br\/noticia\/wp-json\/wp\/v2\/media\/34896"}],"wp:attachment":[{"href":"https:\/\/migracao.redenoticia.com.br\/noticia\/wp-json\/wp\/v2\/media?parent=117224"}],"wp:term":[{"taxonomy":"category","embeddable":true,"href":"https:\/\/migracao.redenoticia.com.br\/noticia\/wp-json\/wp\/v2\/categories?post=117224"},{"taxonomy":"post_tag","embeddable":true,"href":"https:\/\/migracao.redenoticia.com.br\/noticia\/wp-json\/wp\/v2\/tags?post=117224"}],"curies":[{"name":"wp","href":"https:\/\/api.w.org\/{rel}","templated":true}]}}