{"id":117229,"date":"2017-07-18T00:06:46","date_gmt":"2017-07-18T03:06:46","guid":{"rendered":"https:\/\/www.redenoticia.com.br\/noticia\/?p=117229"},"modified":"2017-07-17T16:09:03","modified_gmt":"2017-07-17T19:09:03","slug":"mestrado-em-cancer-de-colon-na-usp-com-bolsa-da-fapesp","status":"publish","type":"post","link":"https:\/\/migracao.redenoticia.com.br\/noticia\/2017\/mestrado-em-cancer-de-colon-na-usp-com-bolsa-da-fapesp\/117229","title":{"rendered":"Mestrado em C\u00e2ncer de C\u00f3lon na USP com Bolsa da FAPESP"},"content":{"rendered":"<p> Ag\u00eancia FAPESP \u2013 O Projeto Tem\u00e1tico \u00a0disp\u00f5e de uma bolsa de <strong><em>mestrado na Faculdade de Ci\u00eancias Farmac\u00eauticas<\/em><\/strong> de Ribeir\u00e3o Preto (FCFRP) da Universidade de S\u00e3o Paulo (USP). Inscri\u00e7\u00e3o at\u00e9 o dia 20 de julho.<\/p>\n<p>O projeto ir\u00e1 investigar os efeitos moduladores da serotonina (5-HT) sobre o dano de DNA em colon\u00f3citos. Acredita-se que a 5-HT promova o desenvolvimento de tumores de c\u00f3lon. Este neuro horm\u00f4nio inibe n\u00e3o apenas a forma\u00e7\u00e3o de les\u00f5es pr\u00e9-neopl\u00e1sicas neste \u00f3rg\u00e3o, mas tamb\u00e9m modula a intensidade de dano ao DNA. Os resultados do trabalho poder\u00e3o revelar mecanismos e alvos terap\u00eauticos para o combate contra o c\u00e2ncer de c\u00f3lon.<\/p>\n<p>Ser\u00e3o selecionados apenas candidato que n\u00e3o tenha tido reprova\u00e7\u00f5es durante o curso de gradua\u00e7\u00e3o e j\u00e1 tenha realizado inicia\u00e7\u00e3o cient\u00edfica. Exceto em casos espec\u00edficos, graduados em biomedicina e farm\u00e1cia ter\u00e3o prioridade no processo seletivo.<\/p>\n<p>Interessados devem enviar o curr\u00edculo, hist\u00f3rico de gradua\u00e7\u00e3o completo e carta de motiva\u00e7\u00e3o para Vinicius Kannen Cardoso ( vinicius.kannen@fcfrp.usp.br), professor supervisor da vaga.<\/p>\n<p>A oportunidade est\u00e1 publicada em .<\/p>\n<p>Para informa\u00e7\u00f5es sobre bolsas de mestrado acesse .<\/p>\n","protected":false},"excerpt":{"rendered":"<p>Ag\u00eancia FAPESP \u2013 O Projeto Tem\u00e1tico \u00a0disp\u00f5e de uma bolsa de mestrado na Faculdade de Ci\u00eancias Farmac\u00eauticas de Ribeir\u00e3o Preto (FCFRP) da Universidade de S\u00e3o Paulo (USP). Inscri\u00e7\u00e3o at\u00e9 o dia 20 de julho. O projeto ir\u00e1 investigar os efeitos moduladores da serotonina (5-HT) sobre o dano de DNA em colon\u00f3citos. Acredita-se que a 5-HT [&hellip;]<\/p>\n","protected":false},"author":2,"featured_media":35093,"comment_status":"open","ping_status":"closed","sticky":false,"template":"","format":"standard","meta":{"tdm_status":"","tdm_grid_status":"","footnotes":""},"categories":[22,351,370],"tags":[],"class_list":{"0":"post-117229","1":"post","2":"type-post","3":"status-publish","4":"format-standard","5":"has-post-thumbnail","7":"category-brasil","8":"category-cursos","9":"category-inscricao"},"_links":{"self":[{"href":"https:\/\/migracao.redenoticia.com.br\/noticia\/wp-json\/wp\/v2\/posts\/117229","targetHints":{"allow":["GET"]}}],"collection":[{"href":"https:\/\/migracao.redenoticia.com.br\/noticia\/wp-json\/wp\/v2\/posts"}],"about":[{"href":"https:\/\/migracao.redenoticia.com.br\/noticia\/wp-json\/wp\/v2\/types\/post"}],"author":[{"embeddable":true,"href":"https:\/\/migracao.redenoticia.com.br\/noticia\/wp-json\/wp\/v2\/users\/2"}],"replies":[{"embeddable":true,"href":"https:\/\/migracao.redenoticia.com.br\/noticia\/wp-json\/wp\/v2\/comments?post=117229"}],"version-history":[{"count":0,"href":"https:\/\/migracao.redenoticia.com.br\/noticia\/wp-json\/wp\/v2\/posts\/117229\/revisions"}],"wp:featuredmedia":[{"embeddable":true,"href":"https:\/\/migracao.redenoticia.com.br\/noticia\/wp-json\/wp\/v2\/media\/35093"}],"wp:attachment":[{"href":"https:\/\/migracao.redenoticia.com.br\/noticia\/wp-json\/wp\/v2\/media?parent=117229"}],"wp:term":[{"taxonomy":"category","embeddable":true,"href":"https:\/\/migracao.redenoticia.com.br\/noticia\/wp-json\/wp\/v2\/categories?post=117229"},{"taxonomy":"post_tag","embeddable":true,"href":"https:\/\/migracao.redenoticia.com.br\/noticia\/wp-json\/wp\/v2\/tags?post=117229"}],"curies":[{"name":"wp","href":"https:\/\/api.w.org\/{rel}","templated":true}]}}