{"id":117233,"date":"2017-07-18T00:08:08","date_gmt":"2017-07-18T03:08:08","guid":{"rendered":"https:\/\/www.redenoticia.com.br\/noticia\/?p=117233"},"modified":"2017-07-17T16:12:12","modified_gmt":"2017-07-17T19:12:12","slug":"pacientes-em-tratamento-de-cancer-precisam-dobrar-cuidados-no-frio","status":"publish","type":"post","link":"https:\/\/migracao.redenoticia.com.br\/noticia\/2017\/pacientes-em-tratamento-de-cancer-precisam-dobrar-cuidados-no-frio\/117233","title":{"rendered":"Pacientes em tratamento de c\u00e2ncer precisam dobrar cuidados no frio"},"content":{"rendered":"<p> O Instituto do <strong><em>C\u00e2ncer<\/em><\/strong> do Estado de S\u00e3o Paulo (Icesp) alerta \u00a0para os pacientes que est\u00e3o em tratamento. Nos dias com temperaturas mais amenas os pacientes podem ter sensa\u00e7\u00f5es de formigamento ou de choque, principalmente nas m\u00e3os e nos p\u00e9s. Nessas esta\u00e7\u00f5es mais frias a sensibilidade aumenta ainda mais com os efeitos colaterais dos rem\u00e9dios. Para aliviar os sintomas \u00e9 importante manter-se agasalhado e refor\u00e7ar a prote\u00e7\u00e3o das extremidades do corpo com o uso de luvas, gorros, tocas de l\u00e3 e meias grossas. O consumo de ch\u00e1s e de outras bebidas quentes tamb\u00e9m ajuda a manter a temperatura do corpo.<\/p>\n<p>A combina\u00e7\u00e3o dos medicamentos e frio tamb\u00e9m causa queda na imunidade, aumentando o risco de infec\u00e7\u00f5es respirat\u00f3rias como resfriados e sinusites. Para preven\u00e7\u00e3o a regra j\u00e1 \u00e9 conhecida. \u00c9 essencial lavar bem as m\u00e3os, diversas vezes ao dia, al\u00e9m de evitar ambientes fechados e climatizados. A hidrata\u00e7\u00e3o regular com ingest\u00e3o de \u00e1gua ou outro l\u00edquido tamb\u00e9m diminui as chances de doen\u00e7as respirat\u00f3rias.<\/p>\n<p>Os pacientes que est\u00e3o internados n\u00e3o devem receber visitantes que estejam com os sintomas da gripe e quem for viajar deve continuar seguindo todas as recomenda\u00e7\u00f5es m\u00e9dicas e, principalmente, n\u00e3o se esquecer de levar todos os rem\u00e9dios prescritos pelo especialista.<\/p>\n<p>Do Portal do Governo SP<\/p>\n","protected":false},"excerpt":{"rendered":"<p>O Instituto do C\u00e2ncer do Estado de S\u00e3o Paulo (Icesp) alerta \u00a0para os pacientes que est\u00e3o em tratamento. Nos dias com temperaturas mais amenas os pacientes podem ter sensa\u00e7\u00f5es de formigamento ou de choque, principalmente nas m\u00e3os e nos p\u00e9s. Nessas esta\u00e7\u00f5es mais frias a sensibilidade aumenta ainda mais com os efeitos colaterais dos rem\u00e9dios. [&hellip;]<\/p>\n","protected":false},"author":2,"featured_media":37376,"comment_status":"open","ping_status":"closed","sticky":false,"template":"","format":"standard","meta":{"tdm_status":"","tdm_grid_status":"","footnotes":""},"categories":[22,5],"tags":[],"class_list":{"0":"post-117233","1":"post","2":"type-post","3":"status-publish","4":"format-standard","5":"has-post-thumbnail","7":"category-brasil","8":"category-saude-e-vida"},"_links":{"self":[{"href":"https:\/\/migracao.redenoticia.com.br\/noticia\/wp-json\/wp\/v2\/posts\/117233","targetHints":{"allow":["GET"]}}],"collection":[{"href":"https:\/\/migracao.redenoticia.com.br\/noticia\/wp-json\/wp\/v2\/posts"}],"about":[{"href":"https:\/\/migracao.redenoticia.com.br\/noticia\/wp-json\/wp\/v2\/types\/post"}],"author":[{"embeddable":true,"href":"https:\/\/migracao.redenoticia.com.br\/noticia\/wp-json\/wp\/v2\/users\/2"}],"replies":[{"embeddable":true,"href":"https:\/\/migracao.redenoticia.com.br\/noticia\/wp-json\/wp\/v2\/comments?post=117233"}],"version-history":[{"count":0,"href":"https:\/\/migracao.redenoticia.com.br\/noticia\/wp-json\/wp\/v2\/posts\/117233\/revisions"}],"wp:featuredmedia":[{"embeddable":true,"href":"https:\/\/migracao.redenoticia.com.br\/noticia\/wp-json\/wp\/v2\/media\/37376"}],"wp:attachment":[{"href":"https:\/\/migracao.redenoticia.com.br\/noticia\/wp-json\/wp\/v2\/media?parent=117233"}],"wp:term":[{"taxonomy":"category","embeddable":true,"href":"https:\/\/migracao.redenoticia.com.br\/noticia\/wp-json\/wp\/v2\/categories?post=117233"},{"taxonomy":"post_tag","embeddable":true,"href":"https:\/\/migracao.redenoticia.com.br\/noticia\/wp-json\/wp\/v2\/tags?post=117233"}],"curies":[{"name":"wp","href":"https:\/\/api.w.org\/{rel}","templated":true}]}}