{"id":117253,"date":"2017-07-18T16:40:39","date_gmt":"2017-07-18T19:40:39","guid":{"rendered":"https:\/\/www.redenoticia.com.br\/noticia\/?p=117253"},"modified":"2017-07-19T15:56:33","modified_gmt":"2017-07-19T18:56:33","slug":"novela-ribeirao-do-tempo-resumo-1907-mario-da-uma-arma-para-joca","status":"publish","type":"post","link":"https:\/\/migracao.redenoticia.com.br\/noticia\/2017\/novela-ribeirao-do-tempo-resumo-1907-mario-da-uma-arma-para-joca\/117253","title":{"rendered":"Novela \u201cRibeir\u00e3o do Tempo\u201d resumo 19\/07: M\u00e1rio d\u00e1 uma arma para Joca"},"content":{"rendered":"<p> <img loading=\"lazy\" decoding=\"async\" src=\"https:\/\/migracao.redenoticia.com.br\/noticia\/imagens\/ribeirao_do_tempo_novela_record_resumo-150x112.jpg\" alt=\"\" width=\"150\" height=\"112\" class=\"alignleft size-thumbnail wp-image-108265\" srcset=\"https:\/\/migracao.redenoticia.com.br\/noticia\/imagens\/ribeirao_do_tempo_novela_record_resumo-150x112.jpg 150w, https:\/\/migracao.redenoticia.com.br\/noticia\/imagens\/ribeirao_do_tempo_novela_record_resumo-265x198.jpg 265w\" sizes=\"auto, (max-width: 150px) 100vw, 150px\" \/><strong><em>Novela \u201cRibeir\u00e3o do Tempo\u201d resumo 19\/07<\/em><\/strong>: no capitulo 097 (*) da novela \u201cRibeir\u00e3o do Tempo\u201d, quarta-feira, 19 de julho, L\u00e9ia chega em casa, v\u00ea Arminda e as duas trocam farpas. Iara afirma a Virg\u00edlio que precisa de dinheiro para pagar a parcela da casa que comprou para a m\u00e3e. Ele afirma que tamb\u00e9m se ferrou com o casamento de Tito e amea\u00e7a bater nela. Joca vai at\u00e9 a casa de M\u00e1rio, um antigo amigo que mora na favela.  &#8230; M\u00e1rio e Joca lembram das travessuras que aprontavam quando eram estudantes. Joca diz ao amigo que est\u00e1 precisando de uma arma. L\u00e9ia fala para Flores que est\u00e1 aflita, pois est\u00e3o querendo matar Joca. Flores explica a L\u00e9ia que ela tem que procurar saber quais s\u00e3o os planos de Joca e a consola. O detetive atrapalhado explica para M\u00e1rio que quer a arma para se defender, pois tem gente querendo mat\u00e1-lo. M\u00e1rio d\u00e1 ao amigo uma arma que n\u00e3o \u00e9 legalizada. <\/p>\n<p>L\u00edlian diz a Nicolau que a hora que quiser pode tirar a licen\u00e7a. Nicolau garante a Beatriz e a Larissa que L\u00edlian vai sair da fazenda em breve. Em reuni\u00e3o com Bruno, Teixeira e mais tr\u00eas executivos, Arminda avisa que foi marcada a audi\u00eancia p\u00fablica para a discuss\u00e3o do resort. Ellen explica a Patr\u00edcia que a Secretaria do Meio Ambiente se op\u00f5e a algumas partes do projeto. <\/p>\n<p>Tito passa a lista dos credores que devem receber para Iara. Beatriz pergunta a secret\u00e1ria de Arminda como \u00e9 a vida profissional da executiva. Nicolau diz a Lincon que n\u00e3o tem tempo para cuidar do jornal, ent\u00e3o vai colocar L\u00edlian para trabalhar como sua representante. Beatriz fala para Arminda que Nicolau precisa dela, pois \u00e9 muito sozinho e a aconselha a casar-se logo com ele.  <\/p>\n<p>(*) edi\u00e7\u00e3o da Rede Record, Novela \u201cRibeir\u00e3o do Tempo\u201d, sujeito a altera\u00e7\u00e3o de data e conte\u00fado.<\/p>\n","protected":false},"excerpt":{"rendered":"<p>Novela \u201cRibeir\u00e3o do Tempo\u201d resumo 19\/07: no capitulo 097 (*) da novela \u201cRibeir\u00e3o do Tempo\u201d, quarta-feira, 19 de julho, L\u00e9ia chega em casa, v\u00ea Arminda e as duas trocam farpas. Iara afirma a Virg\u00edlio que precisa de dinheiro para pagar a parcela da casa que comprou para a m\u00e3e. Ele afirma que tamb\u00e9m se ferrou [&hellip;]<\/p>\n","protected":false},"author":2,"featured_media":108265,"comment_status":"open","ping_status":"closed","sticky":false,"template":"","format":"standard","meta":{"tdm_status":"","tdm_grid_status":"","footnotes":""},"categories":[379,371,343],"tags":[441],"class_list":{"0":"post-117253","1":"post","2":"type-post","3":"status-publish","4":"format-standard","5":"has-post-thumbnail","7":"category-novelas","8":"category-rede-record","9":"category-televisao","10":"tag-resumo-do-dia"},"_links":{"self":[{"href":"https:\/\/migracao.redenoticia.com.br\/noticia\/wp-json\/wp\/v2\/posts\/117253","targetHints":{"allow":["GET"]}}],"collection":[{"href":"https:\/\/migracao.redenoticia.com.br\/noticia\/wp-json\/wp\/v2\/posts"}],"about":[{"href":"https:\/\/migracao.redenoticia.com.br\/noticia\/wp-json\/wp\/v2\/types\/post"}],"author":[{"embeddable":true,"href":"https:\/\/migracao.redenoticia.com.br\/noticia\/wp-json\/wp\/v2\/users\/2"}],"replies":[{"embeddable":true,"href":"https:\/\/migracao.redenoticia.com.br\/noticia\/wp-json\/wp\/v2\/comments?post=117253"}],"version-history":[{"count":0,"href":"https:\/\/migracao.redenoticia.com.br\/noticia\/wp-json\/wp\/v2\/posts\/117253\/revisions"}],"wp:featuredmedia":[{"embeddable":true,"href":"https:\/\/migracao.redenoticia.com.br\/noticia\/wp-json\/wp\/v2\/media\/108265"}],"wp:attachment":[{"href":"https:\/\/migracao.redenoticia.com.br\/noticia\/wp-json\/wp\/v2\/media?parent=117253"}],"wp:term":[{"taxonomy":"category","embeddable":true,"href":"https:\/\/migracao.redenoticia.com.br\/noticia\/wp-json\/wp\/v2\/categories?post=117253"},{"taxonomy":"post_tag","embeddable":true,"href":"https:\/\/migracao.redenoticia.com.br\/noticia\/wp-json\/wp\/v2\/tags?post=117253"}],"curies":[{"name":"wp","href":"https:\/\/api.w.org\/{rel}","templated":true}]}}