{"id":117264,"date":"2017-07-17T16:32:22","date_gmt":"2017-07-17T19:32:22","guid":{"rendered":"https:\/\/www.redenoticia.com.br\/noticia\/?p=117264"},"modified":"2017-07-17T16:32:22","modified_gmt":"2017-07-17T19:32:22","slug":"resumo-novela-o-que-a-vida-me-roubou-1807-adolfo-mata-monica","status":"publish","type":"post","link":"https:\/\/migracao.redenoticia.com.br\/noticia\/2017\/resumo-novela-o-que-a-vida-me-roubou-1807-adolfo-mata-monica\/117264","title":{"rendered":"Resumo novela \u201cO Que A Vida Me Roubou\u201d 18\/07: Adolfo mata M\u00f4nica"},"content":{"rendered":"<p><img loading=\"lazy\" decoding=\"async\" src=\"https:\/\/migracao.redenoticia.com.br\/noticia\/imagens\/o-que-a-vida-me-roubou-novela-resumo-sbt-150x112.jpg\" alt=\"\" width=\"150\" height=\"112\" class=\"alignleft size-thumbnail wp-image-105656\" srcset=\"https:\/\/migracao.redenoticia.com.br\/noticia\/imagens\/o-que-a-vida-me-roubou-novela-resumo-sbt-150x112.jpg 150w, https:\/\/migracao.redenoticia.com.br\/noticia\/imagens\/o-que-a-vida-me-roubou-novela-resumo-sbt-265x198.jpg 265w\" sizes=\"auto, (max-width: 150px) 100vw, 150px\" \/><strong><em>Resumo novela \u201cO Que A Vida Me Roubou\u201d 18\/07<\/em><\/strong>: no cap\u00edtulo 122(*) da novela \u201cO Que A Vida Me Roubou\u201d, resumo de ter\u00e7a-feira, 18 de julho, Pedro descobre que Maria ainda est\u00e1 viva e fica furioso com Ezequiel. Adolfo est\u00e1 no armaz\u00e9m a descarregar a droga quando os oficiais da marinha chegam e come\u00e7am a disparar. Os homens de Adolfo conseguem ajud\u00e1-lo a escapar. M\u00f3nica acaba por o apanhar e descobre que Adolfo \u00e9 Alacran. Quando a v\u00ea, Adolfo dispara. Graziela tem o testamento de Benjamim, mas pede ajuda a Mac\u00e1rio para decidir o que fazer com ele, pois tamb\u00e9m n\u00e3o quer magoar Fab\u00edola. Maria \u00e9 interrogada pelo juiz sobre a morte de Almonte. Ela \u00e9 acusada de ser c\u00famplice na morte do seu tio. Maria nega e diz que foi agredida quase at\u00e9 \u00e0 morte por Pedro por causa de uma nota que Benjamim deixou antes de morrer. Apesar de Pedro ter destru\u00eddo a nota original, ela tirou uma c\u00f3pia.<\/p>\n<p>(*) edi\u00e7\u00e3o do SBT, Novela \u201cO Que A Vida Me Roubou\u201d, sujeito a altera\u00e7\u00e3o de data e conte\u00fado.<\/p>\n<p>Lo que la vida me rob\u00f3 (no Brasil, O Que a Vida Me Roubou) \u00e9 uma telenovela mexicana produzida por Angelli Nesma Medina para Televisa e exibida pelo Canal de las Estrellas entre 28 de outubro de 2013 e 27 de julho de 2014 em 196 cap\u00edtulos, substituindo La tempestad e sendo substitu\u00edda por Hasta el fin del mundo. A original \u00e9 de Caridad Bravo Adams, sendo esta um remake modernizado das novelas Bodas de odio e Amor real, produzidas em 1983 e 2003, respectivamente. Tem Angelique Boyer, Sebasti\u00e1n Rulli, Luis Roberto Guzm\u00e1n, Daniela Castro, Grettell Vald\u00e9z, Sergio Sendel e Lisset nos papeis principais.<\/p>\n","protected":false},"excerpt":{"rendered":"<p>Resumo novela \u201cO Que A Vida Me Roubou\u201d 18\/07: no cap\u00edtulo 122(*) da novela \u201cO Que A Vida Me Roubou\u201d, resumo de ter\u00e7a-feira, 18 de julho, Pedro descobre que Maria ainda est\u00e1 viva e fica furioso com Ezequiel. Adolfo est\u00e1 no armaz\u00e9m a descarregar a droga quando os oficiais da marinha chegam e come\u00e7am a [&hellip;]<\/p>\n","protected":false},"author":4,"featured_media":105656,"comment_status":"open","ping_status":"closed","sticky":false,"template":"","format":"standard","meta":{"tdm_status":"","tdm_grid_status":"","footnotes":""},"categories":[379,372,343],"tags":[441],"class_list":{"0":"post-117264","1":"post","2":"type-post","3":"status-publish","4":"format-standard","5":"has-post-thumbnail","7":"category-novelas","8":"category-sbt","9":"category-televisao","10":"tag-resumo-do-dia"},"_links":{"self":[{"href":"https:\/\/migracao.redenoticia.com.br\/noticia\/wp-json\/wp\/v2\/posts\/117264","targetHints":{"allow":["GET"]}}],"collection":[{"href":"https:\/\/migracao.redenoticia.com.br\/noticia\/wp-json\/wp\/v2\/posts"}],"about":[{"href":"https:\/\/migracao.redenoticia.com.br\/noticia\/wp-json\/wp\/v2\/types\/post"}],"author":[{"embeddable":true,"href":"https:\/\/migracao.redenoticia.com.br\/noticia\/wp-json\/wp\/v2\/users\/4"}],"replies":[{"embeddable":true,"href":"https:\/\/migracao.redenoticia.com.br\/noticia\/wp-json\/wp\/v2\/comments?post=117264"}],"version-history":[{"count":0,"href":"https:\/\/migracao.redenoticia.com.br\/noticia\/wp-json\/wp\/v2\/posts\/117264\/revisions"}],"wp:featuredmedia":[{"embeddable":true,"href":"https:\/\/migracao.redenoticia.com.br\/noticia\/wp-json\/wp\/v2\/media\/105656"}],"wp:attachment":[{"href":"https:\/\/migracao.redenoticia.com.br\/noticia\/wp-json\/wp\/v2\/media?parent=117264"}],"wp:term":[{"taxonomy":"category","embeddable":true,"href":"https:\/\/migracao.redenoticia.com.br\/noticia\/wp-json\/wp\/v2\/categories?post=117264"},{"taxonomy":"post_tag","embeddable":true,"href":"https:\/\/migracao.redenoticia.com.br\/noticia\/wp-json\/wp\/v2\/tags?post=117264"}],"curies":[{"name":"wp","href":"https:\/\/api.w.org\/{rel}","templated":true}]}}