{"id":117266,"date":"2017-07-17T16:33:17","date_gmt":"2017-07-17T19:33:17","guid":{"rendered":"https:\/\/www.redenoticia.com.br\/noticia\/?p=117266"},"modified":"2017-07-17T16:33:17","modified_gmt":"2017-07-17T19:33:17","slug":"resumo-novela-carinha-de-anjo-1807-adriana-fala-que-cecilia-pode-casar-com-gustavo","status":"publish","type":"post","link":"https:\/\/migracao.redenoticia.com.br\/noticia\/2017\/resumo-novela-carinha-de-anjo-1807-adriana-fala-que-cecilia-pode-casar-com-gustavo\/117266","title":{"rendered":"Resumo novela \u201cCarinha de Anjo\u201d 18\/07: Adriana fala que Cec\u00edlia pode casar com Gustavo"},"content":{"rendered":"<p><img loading=\"lazy\" decoding=\"async\" class=\"alignleft size-thumbnail wp-image-99331\" src=\"https:\/\/migracao.redenoticia.com.br\/noticia\/imagens\/carinha_de_anjo_sbt_novela_resumo_capitulo-150x112.jpg\" alt=\"carinha_de_anjo_sbt_novela_resumo_capitulo\" width=\"150\" height=\"112\" srcset=\"https:\/\/migracao.redenoticia.com.br\/noticia\/imagens\/carinha_de_anjo_sbt_novela_resumo_capitulo-150x112.jpg 150w, https:\/\/migracao.redenoticia.com.br\/noticia\/imagens\/carinha_de_anjo_sbt_novela_resumo_capitulo-265x198.jpg 265w\" sizes=\"auto, (max-width: 150px) 100vw, 150px\" \/><strong><em>Resumo novela \u201cCarinha de Anjo\u201d 18\/07<\/em><\/strong>: no cap\u00edtulo 172(*) da novela \u201cCarinha de Anjo\u201d, resumo de ter\u00e7a-feira, 18 de julho, Dulce sonha com a m\u00e3e, Tereza, e conversa sobre Cec\u00edlia ter ido embora do internato. Tereza explica para a filha que Cec\u00edlia apenas deixou de ser freira para buscar sua pr\u00f3pria felicidade. Madre Superiora chama a aten\u00e7\u00e3o da irm\u00e3 Luzia, de B\u00e1rbara e de Frida por terem estragado na semana anterior a festa surpresa de anivers\u00e1rio de Dulce Maria. A religiosa diz que se as pequeninas n\u00e3o mudarem o comportamento n\u00e3o v\u00e3o mais poder continuar no internato. F\u00e1tima diz para Cec\u00edlia que agora que ela est\u00e1 em sua nova casa pode tirar o h\u00e1bito para ser apenas a Cec\u00edlia. A ex-novi\u00e7a diz que ainda \u00e9 cedo para isso e que precisa apenas descansar. Gustavo conta para Crist\u00f3v\u00e3o que Dulce Maria disse que o comportamento de Cec\u00edlia \u00e9 parecido com o de Tereza e que ele tamb\u00e9m acha as duas parecidas nas a\u00e7\u00f5es. Ver\u00f4nica escuta a conversa e fica triste, F\u00e1tima mostra roupas que havia separado para que ela possa se vestir como uma pessoa comum. Madre Superiora decide que Luzia ir\u00e1 dormir no quarto de Fabiana para que a novi\u00e7a ensine para a freira um pouco sobre alegria e compaix\u00e3o. Adriana diz para Dulce Maria que agora que Cec\u00edlia n\u00e3o \u00e9 mais novi\u00e7a pode casar com Gustavo, mas a carinha de anjo diz que est\u00e1 confusa e n\u00e3o sabe mais se quer que os dois se casem.<\/p>\n<p>(*) edi\u00e7\u00e3o do SBT, Novela \u201cCarinha de Anjo\u201d, sujeito a altera\u00e7\u00e3o de data e conte\u00fado.<\/p>\n<p>Carinha de Anjo \u00e9 uma telenovela brasileira produzida e exibida originalmente pelo SBT desde o dia 21 de novembro de 2016, substituindo o hor\u00e1rio anteriormente ocupado por C\u00famplices de um Resgate. A telenovela \u00e9 inspirada na mexicana Carita de \u00e1ngel, que, por sua vez, \u00e9 um remake de Mundo de juguete, ambas produzidas pela Televisa e que haviam sido baseadas na trama argentina escrita por Abel Santa Cruz, Pap\u00e1 coraz\u00f3n. Esta ser\u00e1 a segunda adapta\u00e7\u00e3o brasileira da obra original argentina, visto que a Rede Tupi apresentou em 1976 a sua primeira vers\u00e3o, chamada de Papai Cora\u00e7\u00e3o. A nova vers\u00e3o \u00e9 escrita por Leonor Corr\u00eaa, com supervis\u00e3o de \u00cdris Abravanel e dire\u00e7\u00e3o geral de Ricardo Mantoanelli. A trama conta com Lorena Queiroz, Bia Arantes, Carlo Porto, Priscila Sol, Dani Gondim, Karin Hils, Eliana Guttman e Lucero nos pap\u00e9is principais.<\/p>\n","protected":false},"excerpt":{"rendered":"<p>Resumo novela \u201cCarinha de Anjo\u201d 18\/07: no cap\u00edtulo 172(*) da novela \u201cCarinha de Anjo\u201d, resumo de ter\u00e7a-feira, 18 de julho, Dulce sonha com a m\u00e3e, Tereza, e conversa sobre Cec\u00edlia ter ido embora do internato. Tereza explica para a filha que Cec\u00edlia apenas deixou de ser freira para buscar sua pr\u00f3pria felicidade. Madre Superiora chama [&hellip;]<\/p>\n","protected":false},"author":4,"featured_media":99331,"comment_status":"open","ping_status":"closed","sticky":false,"template":"","format":"standard","meta":{"tdm_status":"","tdm_grid_status":"","footnotes":""},"categories":[452,379,372,343],"tags":[441],"class_list":{"0":"post-117266","1":"post","2":"type-post","3":"status-publish","4":"format-standard","5":"has-post-thumbnail","7":"category-carinha-de-anjo","8":"category-novelas","9":"category-sbt","10":"category-televisao","11":"tag-resumo-do-dia"},"_links":{"self":[{"href":"https:\/\/migracao.redenoticia.com.br\/noticia\/wp-json\/wp\/v2\/posts\/117266","targetHints":{"allow":["GET"]}}],"collection":[{"href":"https:\/\/migracao.redenoticia.com.br\/noticia\/wp-json\/wp\/v2\/posts"}],"about":[{"href":"https:\/\/migracao.redenoticia.com.br\/noticia\/wp-json\/wp\/v2\/types\/post"}],"author":[{"embeddable":true,"href":"https:\/\/migracao.redenoticia.com.br\/noticia\/wp-json\/wp\/v2\/users\/4"}],"replies":[{"embeddable":true,"href":"https:\/\/migracao.redenoticia.com.br\/noticia\/wp-json\/wp\/v2\/comments?post=117266"}],"version-history":[{"count":0,"href":"https:\/\/migracao.redenoticia.com.br\/noticia\/wp-json\/wp\/v2\/posts\/117266\/revisions"}],"wp:featuredmedia":[{"embeddable":true,"href":"https:\/\/migracao.redenoticia.com.br\/noticia\/wp-json\/wp\/v2\/media\/99331"}],"wp:attachment":[{"href":"https:\/\/migracao.redenoticia.com.br\/noticia\/wp-json\/wp\/v2\/media?parent=117266"}],"wp:term":[{"taxonomy":"category","embeddable":true,"href":"https:\/\/migracao.redenoticia.com.br\/noticia\/wp-json\/wp\/v2\/categories?post=117266"},{"taxonomy":"post_tag","embeddable":true,"href":"https:\/\/migracao.redenoticia.com.br\/noticia\/wp-json\/wp\/v2\/tags?post=117266"}],"curies":[{"name":"wp","href":"https:\/\/api.w.org\/{rel}","templated":true}]}}