{"id":117275,"date":"2017-07-17T16:37:06","date_gmt":"2017-07-17T19:37:06","guid":{"rendered":"https:\/\/www.redenoticia.com.br\/noticia\/?p=117275"},"modified":"2017-07-17T16:37:06","modified_gmt":"2017-07-17T19:37:06","slug":"resumo-novela-novo-mundo-1807-elvira-se-revela-para-joaquim","status":"publish","type":"post","link":"https:\/\/migracao.redenoticia.com.br\/noticia\/2017\/resumo-novela-novo-mundo-1807-elvira-se-revela-para-joaquim\/117275","title":{"rendered":"Resumo novela \u201cNovo Mundo\u201d 18\/07: Elvira se revela para Joaquim"},"content":{"rendered":"<p><img loading=\"lazy\" decoding=\"async\" class=\"alignleft size-thumbnail wp-image-107950\" src=\"https:\/\/migracao.redenoticia.com.br\/noticia\/imagens\/novo_mundo_novela_resumo_globo-150x112.jpg\" alt=\"\" width=\"150\" height=\"112\" srcset=\"https:\/\/migracao.redenoticia.com.br\/noticia\/imagens\/novo_mundo_novela_resumo_globo-150x112.jpg 150w, https:\/\/migracao.redenoticia.com.br\/noticia\/imagens\/novo_mundo_novela_resumo_globo-265x198.jpg 265w\" sizes=\"auto, (max-width: 150px) 100vw, 150px\" \/><strong><em>Resumo novela \u201cNovo Mundo\u201d 18\/07<\/em><\/strong>: no cap\u00edtulo 102(*) da novela \u201cNovo Mundo\u201d, resumo de ter\u00e7a-feira, 18 de julho, Peter repreende Anna por ter desistido de ir para Portugal. Greta faz insinua\u00e7\u00f5es sobre Diara que deixam Wolfgang incomodado. Licurgo pensa em seguir Hugo. Am\u00e1lia vai com Peter ao convento e pede a Madre Assun\u00e7\u00e3o para abrigar Olinto, Anna e as crian\u00e7as. Licurgo e Germana trancam Diara e Ferdinando na taberna. Anna fica encantada com os cuidados de Am\u00e1lia. Domitila insiste na ideia de engravidar de Dom Pedro para se casar com ele. Joaquim \u00e9 levado para a cela. Germana e Licurgo descobrem que Elvira est\u00e1 viva. Greta e Schultz conversam sobre o plano contra Diara. Diara alerta Ferdinando para tomar cuidado com Greta. Madre Assun\u00e7\u00e3o pede que Am\u00e1lia escreva uma carta para Portugal explicando sua situa\u00e7\u00e3o. Ubirajara reclama de Piat\u00e3 e Jacira para Tibiri\u00e7\u00e1. Licurgo conta a Elvira que Joaquim foi preso novamente. Am\u00e1lia v\u00ea a foto de Dom Jo\u00e3o e desmaia. Thomas decide voltar para o Rio de Janeiro. Elvira se revela para Joaquim.<\/p>\n<p>(*) edi\u00e7\u00e3o da Rede Globo, Novela \u201cNovo Mundo\u201d, sujeito a altera\u00e7\u00e3o de data e conte\u00fado.<\/p>\n<p>Novo Mundo \u00e9 uma telenovela brasileira produzida pela Rede Globo. Escrita por Thereza Falc\u00e3o e Alessandro Marson, conta com dire\u00e7\u00e3o art\u00edstica de Vin\u00edcius Coimbra. Conta com as participa\u00e7\u00f5es de Isabelle Drummond, Chay Suede, Caio Castro, Let\u00edcia Colin, Leo Jaime, D\u00e9bora Olivieri, Rodrigo Simas, Giullia Buscacio, Vivianne Pasmanter, Guilherme Piva, R\u00f4mulo Estrela, Agatha Moreira, Luisa Micheletti, Gabriel Braga Nunes, e Ingrid Guimar\u00e3es.<\/p>\n","protected":false},"excerpt":{"rendered":"<p>Resumo novela \u201cNovo Mundo\u201d 18\/07: no cap\u00edtulo 102(*) da novela \u201cNovo Mundo\u201d, resumo de ter\u00e7a-feira, 18 de julho, Peter repreende Anna por ter desistido de ir para Portugal. Greta faz insinua\u00e7\u00f5es sobre Diara que deixam Wolfgang incomodado. Licurgo pensa em seguir Hugo. Am\u00e1lia vai com Peter ao convento e pede a Madre Assun\u00e7\u00e3o para abrigar [&hellip;]<\/p>\n","protected":false},"author":4,"featured_media":107950,"comment_status":"open","ping_status":"closed","sticky":false,"template":"","format":"standard","meta":{"tdm_status":"","tdm_grid_status":"","footnotes":""},"categories":[379,375,343],"tags":[441],"class_list":{"0":"post-117275","1":"post","2":"type-post","3":"status-publish","4":"format-standard","5":"has-post-thumbnail","7":"category-novelas","8":"category-rede-globo","9":"category-televisao","10":"tag-resumo-do-dia"},"_links":{"self":[{"href":"https:\/\/migracao.redenoticia.com.br\/noticia\/wp-json\/wp\/v2\/posts\/117275","targetHints":{"allow":["GET"]}}],"collection":[{"href":"https:\/\/migracao.redenoticia.com.br\/noticia\/wp-json\/wp\/v2\/posts"}],"about":[{"href":"https:\/\/migracao.redenoticia.com.br\/noticia\/wp-json\/wp\/v2\/types\/post"}],"author":[{"embeddable":true,"href":"https:\/\/migracao.redenoticia.com.br\/noticia\/wp-json\/wp\/v2\/users\/4"}],"replies":[{"embeddable":true,"href":"https:\/\/migracao.redenoticia.com.br\/noticia\/wp-json\/wp\/v2\/comments?post=117275"}],"version-history":[{"count":0,"href":"https:\/\/migracao.redenoticia.com.br\/noticia\/wp-json\/wp\/v2\/posts\/117275\/revisions"}],"wp:featuredmedia":[{"embeddable":true,"href":"https:\/\/migracao.redenoticia.com.br\/noticia\/wp-json\/wp\/v2\/media\/107950"}],"wp:attachment":[{"href":"https:\/\/migracao.redenoticia.com.br\/noticia\/wp-json\/wp\/v2\/media?parent=117275"}],"wp:term":[{"taxonomy":"category","embeddable":true,"href":"https:\/\/migracao.redenoticia.com.br\/noticia\/wp-json\/wp\/v2\/categories?post=117275"},{"taxonomy":"post_tag","embeddable":true,"href":"https:\/\/migracao.redenoticia.com.br\/noticia\/wp-json\/wp\/v2\/tags?post=117275"}],"curies":[{"name":"wp","href":"https:\/\/api.w.org\/{rel}","templated":true}]}}