{"id":117348,"date":"2017-07-18T16:56:02","date_gmt":"2017-07-18T19:56:02","guid":{"rendered":"https:\/\/www.redenoticia.com.br\/noticia\/?p=117348"},"modified":"2017-07-18T16:56:02","modified_gmt":"2017-07-18T19:56:02","slug":"resumo-novela-carinha-de-anjo-1907-fatima-manda-cecilia-se-declarar-para-gustavo","status":"publish","type":"post","link":"https:\/\/migracao.redenoticia.com.br\/noticia\/2017\/resumo-novela-carinha-de-anjo-1907-fatima-manda-cecilia-se-declarar-para-gustavo\/117348","title":{"rendered":"Resumo novela \u201cCarinha de Anjo\u201d 19\/07: F\u00e1tima manda Cec\u00edlia se declarar para Gustavo"},"content":{"rendered":"<p> <img loading=\"lazy\" decoding=\"async\" class=\"alignleft size-thumbnail wp-image-99331\" src=\"https:\/\/migracao.redenoticia.com.br\/noticia\/imagens\/carinha_de_anjo_sbt_novela_resumo_capitulo-150x112.jpg\" alt=\"carinha_de_anjo_sbt_novela_resumo_capitulo\" width=\"150\" height=\"112\" srcset=\"https:\/\/migracao.redenoticia.com.br\/noticia\/imagens\/carinha_de_anjo_sbt_novela_resumo_capitulo-150x112.jpg 150w, https:\/\/migracao.redenoticia.com.br\/noticia\/imagens\/carinha_de_anjo_sbt_novela_resumo_capitulo-265x198.jpg 265w\" sizes=\"auto, (max-width: 150px) 100vw, 150px\" \/><strong><em>Resumo novela \u201cCarinha de Anjo\u201d 19\/07<\/em><\/strong>: no cap\u00edtulo 173(*) da novela \u201cCarinha de Anjo\u201d, resumo de quarta-feira, 19 de julho, Juju grava um novo v\u00eddeo para o seu vlog. Cec\u00edlia vai at\u00e9 a igreja conversar com o Padre Gabriel. A ex-novi\u00e7a conta que se sente culpada por ter sa\u00eddo do internato deixando Dulce Maria para tr\u00e1s. Mais tarde, F\u00e1tima conta para Cec\u00edlia que ela precisa se declarar para Gustavo. A mulher garante ainda que por enquanto o pai de Dulce \u00e9 apenas amigo de Ver\u00f4nica. Cec\u00edlia conta para a irm\u00e3 que est\u00e1 confusa e que gostaria de sumir para tentar se encontrar no meio de tudo o que aconteceu. Gustavo diz que est\u00e1 preocupado com Dulce Maria, que est\u00e1 triste por n\u00e3o poder ver Cec\u00edlia todo dia. Estef\u00e2nia comenta que para resolver essa situa\u00e7\u00e3o basta ele querer, pois Cec\u00edlia \u00e9 a \u00fanica mulher que Dulce aceitaria como m\u00e3e. Gustavo pede licen\u00e7a e vai at\u00e9 a cozinha. Dulce vai dormir no quarto de Fabiana ap\u00f3s sonhar com a Cec\u00edlia. Fl\u00e1vio vai ao jantar com uma mulher muito rica e influente chamada Noemia Medeiros (Stella Miranda).<\/p>\n<p>(*) edi\u00e7\u00e3o do SBT, Novela \u201cCarinha de Anjo\u201d, sujeito a altera\u00e7\u00e3o de data e conte\u00fado.<\/p>\n<p>Carinha de Anjo \u00e9 uma telenovela brasileira produzida e exibida originalmente pelo SBT desde o dia 21 de novembro de 2016, substituindo o hor\u00e1rio anteriormente ocupado por C\u00famplices de um Resgate. A telenovela \u00e9 inspirada na mexicana Carita de \u00e1ngel, que, por sua vez, \u00e9 um remake de Mundo de juguete, ambas produzidas pela Televisa e que haviam sido baseadas na trama argentina escrita por Abel Santa Cruz, Pap\u00e1 coraz\u00f3n. Esta ser\u00e1 a segunda adapta\u00e7\u00e3o brasileira da obra original argentina, visto que a Rede Tupi apresentou em 1976 a sua primeira vers\u00e3o, chamada de Papai Cora\u00e7\u00e3o. A nova vers\u00e3o \u00e9 escrita por Leonor Corr\u00eaa, com supervis\u00e3o de \u00cdris Abravanel e dire\u00e7\u00e3o geral de Ricardo Mantoanelli. A trama conta com Lorena Queiroz, Bia Arantes, Carlo Porto, Priscila Sol, Dani Gondim, Karin Hils, Eliana Guttman e Lucero nos pap\u00e9is principais.<\/p>\n","protected":false},"excerpt":{"rendered":"<p>Resumo novela \u201cCarinha de Anjo\u201d 19\/07: no cap\u00edtulo 173(*) da novela \u201cCarinha de Anjo\u201d, resumo de quarta-feira, 19 de julho, Juju grava um novo v\u00eddeo para o seu vlog. Cec\u00edlia vai at\u00e9 a igreja conversar com o Padre Gabriel. A ex-novi\u00e7a conta que se sente culpada por ter sa\u00eddo do internato deixando Dulce Maria para [&hellip;]<\/p>\n","protected":false},"author":2,"featured_media":99331,"comment_status":"open","ping_status":"closed","sticky":false,"template":"","format":"standard","meta":{"tdm_status":"","tdm_grid_status":"","footnotes":""},"categories":[452,379,372,343],"tags":[441],"class_list":{"0":"post-117348","1":"post","2":"type-post","3":"status-publish","4":"format-standard","5":"has-post-thumbnail","7":"category-carinha-de-anjo","8":"category-novelas","9":"category-sbt","10":"category-televisao","11":"tag-resumo-do-dia"},"_links":{"self":[{"href":"https:\/\/migracao.redenoticia.com.br\/noticia\/wp-json\/wp\/v2\/posts\/117348","targetHints":{"allow":["GET"]}}],"collection":[{"href":"https:\/\/migracao.redenoticia.com.br\/noticia\/wp-json\/wp\/v2\/posts"}],"about":[{"href":"https:\/\/migracao.redenoticia.com.br\/noticia\/wp-json\/wp\/v2\/types\/post"}],"author":[{"embeddable":true,"href":"https:\/\/migracao.redenoticia.com.br\/noticia\/wp-json\/wp\/v2\/users\/2"}],"replies":[{"embeddable":true,"href":"https:\/\/migracao.redenoticia.com.br\/noticia\/wp-json\/wp\/v2\/comments?post=117348"}],"version-history":[{"count":0,"href":"https:\/\/migracao.redenoticia.com.br\/noticia\/wp-json\/wp\/v2\/posts\/117348\/revisions"}],"wp:featuredmedia":[{"embeddable":true,"href":"https:\/\/migracao.redenoticia.com.br\/noticia\/wp-json\/wp\/v2\/media\/99331"}],"wp:attachment":[{"href":"https:\/\/migracao.redenoticia.com.br\/noticia\/wp-json\/wp\/v2\/media?parent=117348"}],"wp:term":[{"taxonomy":"category","embeddable":true,"href":"https:\/\/migracao.redenoticia.com.br\/noticia\/wp-json\/wp\/v2\/categories?post=117348"},{"taxonomy":"post_tag","embeddable":true,"href":"https:\/\/migracao.redenoticia.com.br\/noticia\/wp-json\/wp\/v2\/tags?post=117348"}],"curies":[{"name":"wp","href":"https:\/\/api.w.org\/{rel}","templated":true}]}}