{"id":117350,"date":"2017-07-18T16:57:06","date_gmt":"2017-07-18T19:57:06","guid":{"rendered":"https:\/\/www.redenoticia.com.br\/noticia\/?p=117350"},"modified":"2017-07-18T16:57:06","modified_gmt":"2017-07-18T19:57:06","slug":"resumo-novela-chiquititas-1907-ana-e-atingida-pelos-raios-da-maquina-multiplicadora","status":"publish","type":"post","link":"https:\/\/migracao.redenoticia.com.br\/noticia\/2017\/resumo-novela-chiquititas-1907-ana-e-atingida-pelos-raios-da-maquina-multiplicadora\/117350","title":{"rendered":"Resumo novela \u201cChiquititas\u201d 19\/07: Ana \u00e9 atingida pelos raios da m\u00e1quina multiplicadora"},"content":{"rendered":"<p> <img loading=\"lazy\" decoding=\"async\" class=\"alignleft size-thumbnail wp-image-49690\" src=\"https:\/\/migracao.redenoticia.com.br\/noticia\/imagens\/chiquititas1-150x112.jpg\" alt=\"chiquititas\" width=\"150\" height=\"112\" \/><strong><em>Resumo novela \u201cChiquititas\u201d 19\/07<\/em><\/strong>: no cap\u00edtulo 222(*) da novela \u201cChiquititas\u201d, resumo de quarta-feira, 19 de julho, Thiago diz para Binho, Ana e Tati que ao inv\u00e9s de usarem o invento de Samuca para multiplicar brinquedos, deveriam multiplicar dinheiro para poderem comprar o que quiserem. Por\u00e9m eles percebem que o invento n\u00e3o funciona com dinheiro. Samuca pergunta para Chico e Ernestina, que na verdade \u00e9 Matilde, se pode montar um laborat\u00f3rio de estudos no quartinho de limpeza. Os dois autorizam. Junior tenta fugir com Neco, mas n\u00e3o consegue. <\/p>\n<p>Carol e Fernando levam Dani para visitar Beto e o Caf\u00e9 Boutique. Carol pensa em chamar Fernando para sair a noite, mas descobre que ele ter\u00e1 um encontro com \u00c9rica. Eduarda est\u00e1 no Caf\u00e9 Boutique com sua m\u00e3e, Regina. Tobias aproveita a ocasi\u00e3o e se senta na mesa com elas para conversarem sobre Maria Cec\u00edlia, mas n\u00e3o surge efeito. Ana, Tati, Thiago e Binho falam sobre a m\u00e1quina multiplicadora para Bia. Eles tentam multiplicar a mascote Pipoca. Samuca aparece e os raios da m\u00e1quina atingem Ana, que ganha quatro c\u00f3pias. Samuca explica que as c\u00f3pias n\u00e3o s\u00e3o humanos e nem similares a original, por isso n\u00e3o pode ser usado em seres vivos. <\/p>\n<p>Carol conta para Chico que demorou muito tempo para perceber que Fernando \u00e9 um homem especial e que agora pode ser tarde. As quatro c\u00f3pias de Ana bagun\u00e7am todo o orfanato. As Chiquititas tentam capturar as quatro anos para reverter a multiplica\u00e7\u00e3o. O casal que est\u00e1 com Gabriela encontra um cartaz de busca com a foto dela. Eles ligam para a mans\u00e3o dos Almeida Campos e falam com Carmen. A vil\u00e3 fica preocupada ao saber que Gabriela voltou a falar e avisa que ir\u00e1 busc\u00e1-la, embora n\u00e3o desminta o fato deles acharem que Gabriela \u2013 que perdeu a mem\u00f3ria \u2013 se chama Sofia.<\/p>\n<p>(*) edi\u00e7\u00e3o do SBT, Novela \u201cChiquititas\u201d, sujeito a altera\u00e7\u00e3o de data e conte\u00fado.<\/p>\n<p>Chiquititas gira em torno do orfanato Raio de Luz, que carrega em sua hist\u00f3ria um grande segredo envolvendo a fam\u00edlia e o dono do orfanato, Dr. Jos\u00e9 Ricardo Almeida Campos. Em um per\u00edodo anterior \u00e0 novela, exatos treze anos, sua filha Gabriela se apaixonou e ficou gr\u00e1vida de Miguel, filho de Valentina, empregada da casa dos Almeida Campos. Pouco depois, Jos\u00e9 Ricardo sequestrou sua neta, pois, como um homem conservador, ele n\u00e3o aceitava a ideia de que sua filha se envolvesse com um empregado. Como sua neta, Milena, apelidada como Mili, precisava de um lugar para morar, ele comprou um casar\u00e3o e fundou um orfanato, o Raio de Luz. Mili cresceu l\u00e1 com outras garotas que chegaram posteriormente: Bia, Ana, as irm\u00e3s Tati e Vivi, e Cris. Ao decorrer dos anos, elas se tornam uma fam\u00edlia. Elas s\u00e3o supervisionadas por Ernestina, zeladora do orfanato, e Chico, o cozinheiro amado pelas internas. Sofia, ex-governanta da fam\u00edlia Almeida Campos, \u00e9 a diretora do lugar, at\u00e9 que Carmem, irm\u00e3 de Jos\u00e9 Ricardo, entre em seu lugar. Chegam ainda mais \u00f3rf\u00e3os: Pata, Mosca, Binho e Rafa, que viviam nas ruas antes de entrarem na institui\u00e7\u00e3o. Pata e Mili tornam-se amigas rapidamente, enquanto Mosca, Binho e Rafa s\u00e3o os primeiros garotos a entrar no abrigo. As crian\u00e7as sem-teto foram ajudadas por uma doce e bela garota que tocam e mudam a vida delas, assim como as das garotas \u00f3rf\u00e3s.<\/p>\n","protected":false},"excerpt":{"rendered":"<p>Resumo novela \u201cChiquititas\u201d 19\/07: no cap\u00edtulo 222(*) da novela \u201cChiquititas\u201d, resumo de quarta-feira, 19 de julho, Thiago diz para Binho, Ana e Tati que ao inv\u00e9s de usarem o invento de Samuca para multiplicar brinquedos, deveriam multiplicar dinheiro para poderem comprar o que quiserem. Por\u00e9m eles percebem que o invento n\u00e3o funciona com dinheiro. Samuca [&hellip;]<\/p>\n","protected":false},"author":2,"featured_media":49690,"comment_status":"open","ping_status":"closed","sticky":false,"template":"","format":"standard","meta":{"tdm_status":"","tdm_grid_status":"","footnotes":""},"categories":[409,379,372,343],"tags":[441],"class_list":{"0":"post-117350","1":"post","2":"type-post","3":"status-publish","4":"format-standard","5":"has-post-thumbnail","7":"category-chiquititas","8":"category-novelas","9":"category-sbt","10":"category-televisao","11":"tag-resumo-do-dia"},"_links":{"self":[{"href":"https:\/\/migracao.redenoticia.com.br\/noticia\/wp-json\/wp\/v2\/posts\/117350","targetHints":{"allow":["GET"]}}],"collection":[{"href":"https:\/\/migracao.redenoticia.com.br\/noticia\/wp-json\/wp\/v2\/posts"}],"about":[{"href":"https:\/\/migracao.redenoticia.com.br\/noticia\/wp-json\/wp\/v2\/types\/post"}],"author":[{"embeddable":true,"href":"https:\/\/migracao.redenoticia.com.br\/noticia\/wp-json\/wp\/v2\/users\/2"}],"replies":[{"embeddable":true,"href":"https:\/\/migracao.redenoticia.com.br\/noticia\/wp-json\/wp\/v2\/comments?post=117350"}],"version-history":[{"count":0,"href":"https:\/\/migracao.redenoticia.com.br\/noticia\/wp-json\/wp\/v2\/posts\/117350\/revisions"}],"wp:featuredmedia":[{"embeddable":true,"href":"https:\/\/migracao.redenoticia.com.br\/noticia\/wp-json\/wp\/v2\/media\/49690"}],"wp:attachment":[{"href":"https:\/\/migracao.redenoticia.com.br\/noticia\/wp-json\/wp\/v2\/media?parent=117350"}],"wp:term":[{"taxonomy":"category","embeddable":true,"href":"https:\/\/migracao.redenoticia.com.br\/noticia\/wp-json\/wp\/v2\/categories?post=117350"},{"taxonomy":"post_tag","embeddable":true,"href":"https:\/\/migracao.redenoticia.com.br\/noticia\/wp-json\/wp\/v2\/tags?post=117350"}],"curies":[{"name":"wp","href":"https:\/\/api.w.org\/{rel}","templated":true}]}}