{"id":117356,"date":"2017-07-18T17:00:16","date_gmt":"2017-07-18T20:00:16","guid":{"rendered":"https:\/\/www.redenoticia.com.br\/noticia\/?p=117356"},"modified":"2017-07-18T17:00:16","modified_gmt":"2017-07-18T20:00:16","slug":"resumo-novela-novo-mundo-1907-elvira-inocenta-joaquim","status":"publish","type":"post","link":"https:\/\/migracao.redenoticia.com.br\/noticia\/2017\/resumo-novela-novo-mundo-1907-elvira-inocenta-joaquim\/117356","title":{"rendered":"Resumo novela \u201cNovo Mundo\u201d 19\/07: Elvira inocenta Joaquim"},"content":{"rendered":"<p> <img loading=\"lazy\" decoding=\"async\" class=\"alignleft size-thumbnail wp-image-107950\" src=\"https:\/\/migracao.redenoticia.com.br\/noticia\/imagens\/novo_mundo_novela_resumo_globo-150x112.jpg\" alt=\"\" width=\"150\" height=\"112\" srcset=\"https:\/\/migracao.redenoticia.com.br\/noticia\/imagens\/novo_mundo_novela_resumo_globo-150x112.jpg 150w, https:\/\/migracao.redenoticia.com.br\/noticia\/imagens\/novo_mundo_novela_resumo_globo-265x198.jpg 265w\" sizes=\"auto, (max-width: 150px) 100vw, 150px\" \/><strong><em>Resumo novela \u201cNovo Mundo\u201d 19\/07<\/em><\/strong>: no cap\u00edtulo 103(*) da novela \u201cNovo Mundo\u201d, resumo de quarta-feira, 19 de julho, Joaquim se emociona ao reencontrar Elvira. Peter conta para Leopoldina que Anna voltou para o Rio de Janeiro. Diara sente-se mal e Ferdinando a leva para seu quarto na taberna. Cec\u00edlia se arruma para seu casamento e Matias afirma que a manter\u00e1 afastada de Sebasti\u00e3o. N\u00edvea conta a Miss Liu que Elvira inocentou Joaquim. Anna tem uma ideia para manter Thomas longe e pede a ajuda de Leopoldina. Hugo tenta saber com Germana onde ela guarda a escritura da taberna. Greta ironiza a cena de Diara deixando o quarto de Ferdinando na taberna. Bonif\u00e1cio chega \u00e0 cela de Joaquim e se assusta ao ver Elvira. Cec\u00edlia e Lib\u00e9rio se casam. Patr\u00edcio comenta com Leopoldina sobre sua desconfian\u00e7a com Bonif\u00e1cio e Lurdes. Elvira \u00e9 sequestrada.<\/p>\n<p>(*) edi\u00e7\u00e3o da Rede Globo, Novela \u201cNovo Mundo\u201d, sujeito a altera\u00e7\u00e3o de data e conte\u00fado.<\/p>\n<p>Novo Mundo \u00e9 uma telenovela brasileira produzida pela Rede Globo. Escrita por Thereza Falc\u00e3o e Alessandro Marson, conta com dire\u00e7\u00e3o art\u00edstica de Vin\u00edcius Coimbra. Conta com as participa\u00e7\u00f5es de Isabelle Drummond, Chay Suede, Caio Castro, Let\u00edcia Colin, Leo Jaime, D\u00e9bora Olivieri, Rodrigo Simas, Giullia Buscacio, Vivianne Pasmanter, Guilherme Piva, R\u00f4mulo Estrela, Agatha Moreira, Luisa Micheletti, Gabriel Braga Nunes, e Ingrid Guimar\u00e3es.<\/p>\n","protected":false},"excerpt":{"rendered":"<p>Resumo novela \u201cNovo Mundo\u201d 19\/07: no cap\u00edtulo 103(*) da novela \u201cNovo Mundo\u201d, resumo de quarta-feira, 19 de julho, Joaquim se emociona ao reencontrar Elvira. Peter conta para Leopoldina que Anna voltou para o Rio de Janeiro. Diara sente-se mal e Ferdinando a leva para seu quarto na taberna. Cec\u00edlia se arruma para seu casamento e [&hellip;]<\/p>\n","protected":false},"author":2,"featured_media":109552,"comment_status":"open","ping_status":"closed","sticky":false,"template":"","format":"standard","meta":{"tdm_status":"","tdm_grid_status":"","footnotes":""},"categories":[379,375,343],"tags":[441],"class_list":{"0":"post-117356","1":"post","2":"type-post","3":"status-publish","4":"format-standard","5":"has-post-thumbnail","7":"category-novelas","8":"category-rede-globo","9":"category-televisao","10":"tag-resumo-do-dia"},"_links":{"self":[{"href":"https:\/\/migracao.redenoticia.com.br\/noticia\/wp-json\/wp\/v2\/posts\/117356","targetHints":{"allow":["GET"]}}],"collection":[{"href":"https:\/\/migracao.redenoticia.com.br\/noticia\/wp-json\/wp\/v2\/posts"}],"about":[{"href":"https:\/\/migracao.redenoticia.com.br\/noticia\/wp-json\/wp\/v2\/types\/post"}],"author":[{"embeddable":true,"href":"https:\/\/migracao.redenoticia.com.br\/noticia\/wp-json\/wp\/v2\/users\/2"}],"replies":[{"embeddable":true,"href":"https:\/\/migracao.redenoticia.com.br\/noticia\/wp-json\/wp\/v2\/comments?post=117356"}],"version-history":[{"count":0,"href":"https:\/\/migracao.redenoticia.com.br\/noticia\/wp-json\/wp\/v2\/posts\/117356\/revisions"}],"wp:featuredmedia":[{"embeddable":true,"href":"https:\/\/migracao.redenoticia.com.br\/noticia\/wp-json\/wp\/v2\/media\/109552"}],"wp:attachment":[{"href":"https:\/\/migracao.redenoticia.com.br\/noticia\/wp-json\/wp\/v2\/media?parent=117356"}],"wp:term":[{"taxonomy":"category","embeddable":true,"href":"https:\/\/migracao.redenoticia.com.br\/noticia\/wp-json\/wp\/v2\/categories?post=117356"},{"taxonomy":"post_tag","embeddable":true,"href":"https:\/\/migracao.redenoticia.com.br\/noticia\/wp-json\/wp\/v2\/tags?post=117356"}],"curies":[{"name":"wp","href":"https:\/\/api.w.org\/{rel}","templated":true}]}}