{"id":117368,"date":"2017-07-20T00:04:23","date_gmt":"2017-07-20T03:04:23","guid":{"rendered":"https:\/\/www.redenoticia.com.br\/noticia\/?p=117368"},"modified":"2017-07-19T13:54:54","modified_gmt":"2017-07-19T16:54:54","slug":"inscricao-para-curso-sobre-gestao-cultural","status":"publish","type":"post","link":"https:\/\/migracao.redenoticia.com.br\/noticia\/2017\/inscricao-para-curso-sobre-gestao-cultural\/117368","title":{"rendered":"Inscri\u00e7\u00e3o para curso sobre gest\u00e3o cultural"},"content":{"rendered":"<p> Ag\u00eancia FAPESP \u2013 A C\u00e1tedra Olavo Setubal de Arte, Cultura e Ci\u00eancia \u2013 uma parceria entre o Instituto de Estudos Avan\u00e7ados da Universidade de S\u00e3o Paulo (IEA-USP) e o Ita\u00fa Cultural &#8211; selecionar\u00e1 at\u00e9 30 interessados em acompanhar todas as atividades do <em><strong>ciclo Cultura, Institucionalidade e Gest\u00e3o<\/strong><\/em>, sem a necessidade de se inscrever em cada uma delas. Ser\u00e3o pelo menos dois eventos por m\u00eas entre agosto e novembro de 2017, em diferentes locais da cidade de S\u00e3o Paulo.<\/p>\n<p>A programa\u00e7\u00e3o est\u00e1 dispon\u00edvel em .<\/p>\n<p>Para se candidatar a uma das vagas do curso, \u00e9 necess\u00e1rio enviar curr\u00edculo e uma carta de inten\u00e7\u00e3o (at\u00e9 duas p\u00e1ginas) para academicoiea@usp.br. Os interessados devem ter curso superior completo.<\/p>\n<p>A lista de selecionados ser\u00e1 divulgada no dia 28 de julho. Os alunos devem comparecer a pelo menos 85% da programa\u00e7\u00e3o e realizar as atividades propostas para receber certificado de participa\u00e7\u00e3o.<\/p>\n<p>Al\u00e9m da programa\u00e7\u00e3o de eventos da c\u00e1tedra, o grupo participar\u00e1 de uma aula introdut\u00f3ria, em 8 de agosto, e outra de encerramento, no dia 28 de novembro.<\/p>\n","protected":false},"excerpt":{"rendered":"<p>Ag\u00eancia FAPESP \u2013 A C\u00e1tedra Olavo Setubal de Arte, Cultura e Ci\u00eancia \u2013 uma parceria entre o Instituto de Estudos Avan\u00e7ados da Universidade de S\u00e3o Paulo (IEA-USP) e o Ita\u00fa Cultural &#8211; selecionar\u00e1 at\u00e9 30 interessados em acompanhar todas as atividades do ciclo Cultura, Institucionalidade e Gest\u00e3o, sem a necessidade de se inscrever em cada [&hellip;]<\/p>\n","protected":false},"author":2,"featured_media":28951,"comment_status":"open","ping_status":"closed","sticky":false,"template":"","format":"standard","meta":{"tdm_status":"","tdm_grid_status":"","footnotes":""},"categories":[22,351,370],"tags":[],"class_list":{"0":"post-117368","1":"post","2":"type-post","3":"status-publish","4":"format-standard","5":"has-post-thumbnail","7":"category-brasil","8":"category-cursos","9":"category-inscricao"},"_links":{"self":[{"href":"https:\/\/migracao.redenoticia.com.br\/noticia\/wp-json\/wp\/v2\/posts\/117368","targetHints":{"allow":["GET"]}}],"collection":[{"href":"https:\/\/migracao.redenoticia.com.br\/noticia\/wp-json\/wp\/v2\/posts"}],"about":[{"href":"https:\/\/migracao.redenoticia.com.br\/noticia\/wp-json\/wp\/v2\/types\/post"}],"author":[{"embeddable":true,"href":"https:\/\/migracao.redenoticia.com.br\/noticia\/wp-json\/wp\/v2\/users\/2"}],"replies":[{"embeddable":true,"href":"https:\/\/migracao.redenoticia.com.br\/noticia\/wp-json\/wp\/v2\/comments?post=117368"}],"version-history":[{"count":0,"href":"https:\/\/migracao.redenoticia.com.br\/noticia\/wp-json\/wp\/v2\/posts\/117368\/revisions"}],"wp:featuredmedia":[{"embeddable":true,"href":"https:\/\/migracao.redenoticia.com.br\/noticia\/wp-json\/wp\/v2\/media\/28951"}],"wp:attachment":[{"href":"https:\/\/migracao.redenoticia.com.br\/noticia\/wp-json\/wp\/v2\/media?parent=117368"}],"wp:term":[{"taxonomy":"category","embeddable":true,"href":"https:\/\/migracao.redenoticia.com.br\/noticia\/wp-json\/wp\/v2\/categories?post=117368"},{"taxonomy":"post_tag","embeddable":true,"href":"https:\/\/migracao.redenoticia.com.br\/noticia\/wp-json\/wp\/v2\/tags?post=117368"}],"curies":[{"name":"wp","href":"https:\/\/api.w.org\/{rel}","templated":true}]}}