{"id":1175,"date":"2009-05-05T14:55:58","date_gmt":"2009-05-05T18:55:58","guid":{"rendered":"http:\/\/www.redenoticia.com.br\/noticia\/?p=1175"},"modified":"2009-05-05T14:55:58","modified_gmt":"2009-05-05T18:55:58","slug":"projeto-arte-de-viver-incentiva-inclusao-social-de-pacientes-com-esquizofrenia","status":"publish","type":"post","link":"https:\/\/migracao.redenoticia.com.br\/noticia\/2009\/projeto-arte-de-viver-incentiva-inclusao-social-de-pacientes-com-esquizofrenia\/1175","title":{"rendered":"Projeto Arte de Viver incentiva inclus\u00e3o social de pacientes com esquizofrenia"},"content":{"rendered":"<p style=\"text-align: justify; line-height: 150%; \"><span style=\"font-size: 11pt; line-height: 150%; \">A novela \u201cCaminho das \u00cdndias\u201d, transmitida pela Rede Globo, est\u00e1 discutindo um tema ainda pouco falado no Brasil: a esquizofrenia. Representado na novela pelo ator Bruno Gagliasso, o paciente com o problema come\u00e7a a apresentar os sintomas da doen\u00e7a mental cr\u00f4nica e a sentir os primeiros impactos sociais e familiares da condi\u00e7\u00e3o, que atinge quase 1% da popula\u00e7\u00e3o no Pa\u00eds, aproximadamente 1,8 milh\u00e3o de brasileiros.<\/span><\/p>\n<p style=\"text-align: justify; line-height: 150%; \"><span style=\"font-size: 11pt; line-height: 150%; \">Com o objetivo de promover a inclus\u00e3o social dos portadores desta condi\u00e7\u00e3o e auxiliar no tratamento, a Janssen-Cilag, refer<\/span><strong><span style=\"font-size: 11pt; line-height: 150%; font-weight: normal; \">\u00ea<\/span><\/strong><span style=\"font-size: 11pt; line-height: 150%; \">ncia no desenvolvimento de tratamentos para disfun\u00e7\u00f5es no sistema nervoso central, promove a 2\u00ba Edi\u00e7\u00e3o do concurso cultural \u201cArte de Viver\u201d<span style=\"color: black; \"><span class=\"Apple-converted-space\">\u00a0<\/span>e conta com o apoio dos maiores especialistas no tema do Brasil.<\/span><\/span><\/p>\n<p style=\"text-align: justify; line-height: 150%; \"><span>\u201cO Programa Arte de Viver colabora com a reintegra\u00e7\u00e3o do portador de esquizofrenia, favorecendo sua inclus\u00e3o \u00e0 sociedade, estimulando-os a participar de atividades produtivas\u201d,\u00a0afirma o Prof. Dr. M\u00e1rio Rodrigues Louz\u00e3 Neto, coordenador do Projeto Esquizofrenia do Instituto de Psiquiatria do Hospital das Cl\u00ednicas de S\u00e3o Paulo.<\/span><\/p>\n<p style=\"text-align: justify; line-height: 150%; \"><span>A esquizofrenia \u00e9 uma doen\u00e7a mental cr\u00f4nica com causas multifatoriais.\u00a0 Os sintomas normalmente se manifestam no fim da adolesc\u00eancia e podem incluir retraimento social, alucina\u00e7\u00f5es visuais e auditivas bem como id\u00e9ias delirantes. \u201cAl\u00e9m do tratamento medicamentoso, que controla os sintomas, as\u00a0abordagens psicossociais contribuem para a reabilita\u00e7\u00e3o do paciente,\u00a0melhorando sua qualidade de vida\u201d, afirma Louz\u00e3.<\/span><\/p>\n<p style=\"text-align: justify; line-height: 150%; \"><strong><span style=\"font-size: 11pt; line-height: 150%; color: black; \">Projeto Arte de Viver<\/span><\/strong><\/p>\n<p style=\"text-align: justify; line-height: 150%; \"><span style=\"font-size: 11pt; line-height: 150%; \">Pacientes portadores de esquizofrenia em todo o pa\u00eds receberam mais de tr\u00eas mil kits, com pinc\u00e9is, tintas e tela, e foram incentivados por m\u00e9dicos e profissionais especializados em sa\u00fade mental a produzir obras de pintura e literatura. Os trabalhos far\u00e3o parte de um grande concurso e ser\u00e3o avaliados por um j\u00fari composto por artistas, psiquiatras e professores de artes pl\u00e1sticas. As tr\u00eas melhores obras receber\u00e3o pr\u00eamios e as cem mais votadas, de pintura e literatura, far\u00e3o parte de dois livros sobre o projeto.<\/span><\/p>\n<p><strong><span>Sobre a Janssen-Cilag<\/span><\/strong><\/p>\n<p style=\"text-align: justify; line-height: 150%; \"><span>A Janssen-Cilag \u00e9 uma ind\u00fastria farmac\u00eautica reconhecida mundialmente pela inova\u00e7\u00e3o no desenvolvimento de medicamentos e servi\u00e7os de alta qualidade para aprimorar a vida das pessoas e atender a necessidades m\u00e9dicas.<\/span><\/p>\n<p style=\"text-align: justify; line-height: 150%; \"><span>A empresa opera em quase todos os pa\u00edses do mundo e \u00e9 refer\u00eancia em uma s\u00e9rie de \u00e1reas terap\u00eauticas, como no tratamento da dor, oncologia, doen\u00e7as infecciosas, sa\u00fade da mulher, nefrologia e doen\u00e7as gastrintestinais. Mais informa\u00e7\u00f5es sobre a Janssen-Cilag no site<span class=\"Apple-converted-space\">\u00a0<\/span><a href=\"http:\/\/www.janssen-cilag.com\/\" style=\"color: rgb(0, 0, 204); \" target=\"_blank\"><span style=\"color: rgb(0, 36, 244); \">www.janssen-cilag.com<\/span><\/a><\/span><\/p><\/p>\n","protected":false},"excerpt":{"rendered":"<p>A novela \u201cCaminho das \u00cdndias\u201d, transmitida pela Rede Globo, est\u00e1 discutindo um tema ainda pouco falado no Brasil: a esquizofrenia. Representado na novela pelo ator Bruno Gagliasso, o paciente com o problema come\u00e7a a apresentar os sintomas da doen\u00e7a mental cr\u00f4nica e a sentir os primeiros impactos sociais e familiares da condi\u00e7\u00e3o, que atinge quase [&hellip;]<\/p>\n","protected":false},"author":2,"featured_media":0,"comment_status":"open","ping_status":"open","sticky":false,"template":"","format":"standard","meta":{"tdm_status":"","tdm_grid_status":"","footnotes":""},"categories":[5],"tags":[],"class_list":{"0":"post-1175","1":"post","2":"type-post","3":"status-publish","4":"format-standard","6":"category-saude-e-vida"},"_links":{"self":[{"href":"https:\/\/migracao.redenoticia.com.br\/noticia\/wp-json\/wp\/v2\/posts\/1175","targetHints":{"allow":["GET"]}}],"collection":[{"href":"https:\/\/migracao.redenoticia.com.br\/noticia\/wp-json\/wp\/v2\/posts"}],"about":[{"href":"https:\/\/migracao.redenoticia.com.br\/noticia\/wp-json\/wp\/v2\/types\/post"}],"author":[{"embeddable":true,"href":"https:\/\/migracao.redenoticia.com.br\/noticia\/wp-json\/wp\/v2\/users\/2"}],"replies":[{"embeddable":true,"href":"https:\/\/migracao.redenoticia.com.br\/noticia\/wp-json\/wp\/v2\/comments?post=1175"}],"version-history":[{"count":0,"href":"https:\/\/migracao.redenoticia.com.br\/noticia\/wp-json\/wp\/v2\/posts\/1175\/revisions"}],"wp:attachment":[{"href":"https:\/\/migracao.redenoticia.com.br\/noticia\/wp-json\/wp\/v2\/media?parent=1175"}],"wp:term":[{"taxonomy":"category","embeddable":true,"href":"https:\/\/migracao.redenoticia.com.br\/noticia\/wp-json\/wp\/v2\/categories?post=1175"},{"taxonomy":"post_tag","embeddable":true,"href":"https:\/\/migracao.redenoticia.com.br\/noticia\/wp-json\/wp\/v2\/tags?post=1175"}],"curies":[{"name":"wp","href":"https:\/\/api.w.org\/{rel}","templated":true}]}}