{"id":117530,"date":"2017-07-21T16:37:32","date_gmt":"2017-07-21T19:37:32","guid":{"rendered":"https:\/\/www.redenoticia.com.br\/noticia\/?p=117530"},"modified":"2017-07-21T11:58:12","modified_gmt":"2017-07-21T14:58:12","slug":"resumo-novela-novo-mundo-2207-domitila-descobre-que-foi-roubada","status":"publish","type":"post","link":"https:\/\/migracao.redenoticia.com.br\/noticia\/2017\/resumo-novela-novo-mundo-2207-domitila-descobre-que-foi-roubada\/117530","title":{"rendered":"Resumo novela \u201cNovo Mundo\u201d 22\/07: Domitila descobre que foi roubada"},"content":{"rendered":"<p><img loading=\"lazy\" decoding=\"async\" class=\"alignleft size-thumbnail wp-image-107950\" src=\"https:\/\/migracao.redenoticia.com.br\/noticia\/imagens\/novo_mundo_novela_resumo_globo-150x112.jpg\" alt=\"\" width=\"150\" height=\"112\" srcset=\"https:\/\/migracao.redenoticia.com.br\/noticia\/imagens\/novo_mundo_novela_resumo_globo-150x112.jpg 150w, https:\/\/migracao.redenoticia.com.br\/noticia\/imagens\/novo_mundo_novela_resumo_globo-265x198.jpg 265w\" sizes=\"auto, (max-width: 150px) 100vw, 150px\" \/><strong><em>Resumo novela \u201cNovo Mundo\u201d 22\/07<\/em><\/strong>: no cap\u00edtulo 106(*) da novela \u201cNovo Mundo\u201d, resumo de s\u00e1bado, 22 de julho, Dom Pedro declara que Anna est\u00e1 sob sua prote\u00e7\u00e3o e Thomas se irrita. Greta diz a Schultz que ir\u00e1 se casar com Ferdinando e separar Diara de Wolfgang. Anna garante que encontrar\u00e1 provas contra os crimes de Thomas. Domitila teme por seu romance com Dom Pedro. Elvira tenta fugir do navio pirata. Thomas faz amea\u00e7as contra Anna. Cec\u00edlia conta a Am\u00e1lia sobre sua vida com sua m\u00e3e. Domitila vai com capangas para o encontro com Fel\u00edcio. Dom Pedro contraria Bonif\u00e1cio e convoca a Constituinte. Piat\u00e3 sugere que ele e Jacira deixem a aldeia. Tibiri\u00e7\u00e1 pede que Ubirajara confie em Piat\u00e3. Olinto volta para a aldeia. Domitila descobre que foi roubada. Fel\u00edcio entrega a fortuna da ex-esposa para Chala\u00e7a. Am\u00e1lia cuida de Peter. Anna prop\u00f5e um acordo a Fred.<\/p>\n<p>(*) edi\u00e7\u00e3o da Rede Globo, Novela \u201cNovo Mundo\u201d, sujeito a altera\u00e7\u00e3o de data e conte\u00fado.<\/p>\n<p>Novo Mundo \u00e9 uma telenovela brasileira produzida pela Rede Globo. Escrita por Thereza Falc\u00e3o e Alessandro Marson, conta com dire\u00e7\u00e3o art\u00edstica de Vin\u00edcius Coimbra. Conta com as participa\u00e7\u00f5es de Isabelle Drummond, Chay Suede, Caio Castro, Let\u00edcia Colin, Leo Jaime, D\u00e9bora Olivieri, Rodrigo Simas, Giullia Buscacio, Vivianne Pasmanter, Guilherme Piva, R\u00f4mulo Estrela, Agatha Moreira, Luisa Micheletti, Gabriel Braga Nunes, e Ingrid Guimar\u00e3es.<\/p>\n","protected":false},"excerpt":{"rendered":"<p>Resumo novela \u201cNovo Mundo\u201d 22\/07: no cap\u00edtulo 106(*) da novela \u201cNovo Mundo\u201d, resumo de s\u00e1bado, 22 de julho, Dom Pedro declara que Anna est\u00e1 sob sua prote\u00e7\u00e3o e Thomas se irrita. Greta diz a Schultz que ir\u00e1 se casar com Ferdinando e separar Diara de Wolfgang. Anna garante que encontrar\u00e1 provas contra os crimes de [&hellip;]<\/p>\n","protected":false},"author":4,"featured_media":107950,"comment_status":"open","ping_status":"closed","sticky":false,"template":"","format":"standard","meta":{"tdm_status":"","tdm_grid_status":"","footnotes":""},"categories":[379,375,343],"tags":[441],"class_list":{"0":"post-117530","1":"post","2":"type-post","3":"status-publish","4":"format-standard","5":"has-post-thumbnail","7":"category-novelas","8":"category-rede-globo","9":"category-televisao","10":"tag-resumo-do-dia"},"_links":{"self":[{"href":"https:\/\/migracao.redenoticia.com.br\/noticia\/wp-json\/wp\/v2\/posts\/117530","targetHints":{"allow":["GET"]}}],"collection":[{"href":"https:\/\/migracao.redenoticia.com.br\/noticia\/wp-json\/wp\/v2\/posts"}],"about":[{"href":"https:\/\/migracao.redenoticia.com.br\/noticia\/wp-json\/wp\/v2\/types\/post"}],"author":[{"embeddable":true,"href":"https:\/\/migracao.redenoticia.com.br\/noticia\/wp-json\/wp\/v2\/users\/4"}],"replies":[{"embeddable":true,"href":"https:\/\/migracao.redenoticia.com.br\/noticia\/wp-json\/wp\/v2\/comments?post=117530"}],"version-history":[{"count":0,"href":"https:\/\/migracao.redenoticia.com.br\/noticia\/wp-json\/wp\/v2\/posts\/117530\/revisions"}],"wp:featuredmedia":[{"embeddable":true,"href":"https:\/\/migracao.redenoticia.com.br\/noticia\/wp-json\/wp\/v2\/media\/107950"}],"wp:attachment":[{"href":"https:\/\/migracao.redenoticia.com.br\/noticia\/wp-json\/wp\/v2\/media?parent=117530"}],"wp:term":[{"taxonomy":"category","embeddable":true,"href":"https:\/\/migracao.redenoticia.com.br\/noticia\/wp-json\/wp\/v2\/categories?post=117530"},{"taxonomy":"post_tag","embeddable":true,"href":"https:\/\/migracao.redenoticia.com.br\/noticia\/wp-json\/wp\/v2\/tags?post=117530"}],"curies":[{"name":"wp","href":"https:\/\/api.w.org\/{rel}","templated":true}]}}