{"id":117589,"date":"2017-07-28T16:40:12","date_gmt":"2017-07-28T19:40:12","guid":{"rendered":"https:\/\/www.redenoticia.com.br\/noticia\/?p=117589"},"modified":"2017-07-27T19:37:49","modified_gmt":"2017-07-27T22:37:49","slug":"novela-ribeirao-do-tempo-resumo-3107-querencio-se-preocupa-com-filo","status":"publish","type":"post","link":"https:\/\/migracao.redenoticia.com.br\/noticia\/2017\/novela-ribeirao-do-tempo-resumo-3107-querencio-se-preocupa-com-filo\/117589","title":{"rendered":"Novela \u201cRibeir\u00e3o do Tempo\u201d resumo 31\/07: Patr\u00edcia e Lincon planejam uma viagem"},"content":{"rendered":"<p><img loading=\"lazy\" decoding=\"async\" class=\"alignleft size-thumbnail wp-image-108265\" src=\"https:\/\/migracao.redenoticia.com.br\/noticia\/imagens\/ribeirao_do_tempo_novela_record_resumo-150x112.jpg\" alt=\"\" width=\"150\" height=\"112\" srcset=\"https:\/\/migracao.redenoticia.com.br\/noticia\/imagens\/ribeirao_do_tempo_novela_record_resumo-150x112.jpg 150w, https:\/\/migracao.redenoticia.com.br\/noticia\/imagens\/ribeirao_do_tempo_novela_record_resumo-265x198.jpg 265w\" sizes=\"auto, (max-width: 150px) 100vw, 150px\" \/><strong><em>Novela \u201cRibeir\u00e3o do Tempo\u201d resumo 31\/07<\/em><\/strong>: no capitulo 105 (*) da novela \u201cRibeir\u00e3o do Tempo\u201d, segunda-feira, 31 de julho, L\u00e9ia diz a Sancha que n\u00e3o vai perder Flores para Clor\u00eds. Clor\u00eds diz a Iara que para ficar com Flores precisa eliminar a concorr\u00eancia. Filomena olha Tito com desejo, mas ele n\u00e3o percebe a emo\u00e7\u00e3o dela. Karina chora ao lembrar que Tito est\u00e1 casado com Filomena. A patricinha liga para o senador e os dois marcam de se encontrar. Newton explica a Fil\u00f3 sobre uma caminhada que eles v\u00e3o fazer. Ela faz algumas perguntas e Tito aparenta impaci\u00eancia. Bruno confessa a Nicolau que ele e Teixeira ficaram preocupados com o an\u00fancio do casamento dele, pois eles e Arminda t\u00eam algumas diferen\u00e7as. O senador diz aos dois que vai pedir \u00e0 Arminda para n\u00e3o criar atritos com eles. <\/p>\n<p>Diana diz a Arminda que contou para Joca que ela ficou triste depois do casamento. Arminda coloca a adolescente de castigo. Filomena tenta conversar com Tito, mas ele afirma que est\u00e1 muito cansado e precisa dormir. Patr\u00edcia e Lincon planejam uma viagem de carro. Carmem visita Fil\u00f3, que mente que a vida de casada est\u00e1 maravilhosa. Em reuni\u00e3o, Arminda, Bruno e Teixeira explicam a Quer\u00eancio sobre a audi\u00eancia p\u00fablica. Filomena pede para fazer a caminhada com Tito, Newton e Iara, mas Tito diz que \u00e9 melhor ela n\u00e3o ir, pois n\u00e3o tem experi\u00eancia. <\/p>\n<p>Arminda explica a Quer\u00eancio que se as obras do resort forem paralisadas vai ser um baque para a empresa e para muitas fam\u00edlias que dependem dos empregos. Flores explica a Nicolau que Quer\u00eancio precisa ser ao mesmo tempo contra e a favor do resort. Tito acaba concordando que Filomena participe da caminhada. Virg\u00edlio manda Iara observar se vai rolar alguma coisa entre Tito e Fil\u00f3 enquanto eles estiverem acampados. Os quatro come\u00e7am a trilha. Ajuricaba aconselha Ari a continuar a favor do resort mesmo sabendo que Quer\u00eancio \u00e9 o dono. Filomena p\u00e1ra de caminhar, exausta. Tito fala para ela descansar um pouco. Filomena v\u00ea Iara fazendo rapel, fica apavorada e chora, dizendo que n\u00e3o vai conseguir.<\/p>\n<p>(*) edi\u00e7\u00e3o da Rede Record, Novela \u201cRibeir\u00e3o do Tempo\u201d, sujeito a altera\u00e7\u00e3o de data e conte\u00fado.<\/p>\n","protected":false},"excerpt":{"rendered":"<p>Novela \u201cRibeir\u00e3o do Tempo\u201d resumo 31\/07: no capitulo 105 (*) da novela \u201cRibeir\u00e3o do Tempo\u201d, segunda-feira, 31 de julho, L\u00e9ia diz a Sancha que n\u00e3o vai perder Flores para Clor\u00eds. Clor\u00eds diz a Iara que para ficar com Flores precisa eliminar a concorr\u00eancia. Filomena olha Tito com desejo, mas ele n\u00e3o percebe a emo\u00e7\u00e3o dela. [&hellip;]<\/p>\n","protected":false},"author":2,"featured_media":108265,"comment_status":"open","ping_status":"closed","sticky":false,"template":"","format":"standard","meta":{"tdm_status":"","tdm_grid_status":"","footnotes":""},"categories":[379,371,343],"tags":[441],"class_list":{"0":"post-117589","1":"post","2":"type-post","3":"status-publish","4":"format-standard","5":"has-post-thumbnail","7":"category-novelas","8":"category-rede-record","9":"category-televisao","10":"tag-resumo-do-dia"},"_links":{"self":[{"href":"https:\/\/migracao.redenoticia.com.br\/noticia\/wp-json\/wp\/v2\/posts\/117589","targetHints":{"allow":["GET"]}}],"collection":[{"href":"https:\/\/migracao.redenoticia.com.br\/noticia\/wp-json\/wp\/v2\/posts"}],"about":[{"href":"https:\/\/migracao.redenoticia.com.br\/noticia\/wp-json\/wp\/v2\/types\/post"}],"author":[{"embeddable":true,"href":"https:\/\/migracao.redenoticia.com.br\/noticia\/wp-json\/wp\/v2\/users\/2"}],"replies":[{"embeddable":true,"href":"https:\/\/migracao.redenoticia.com.br\/noticia\/wp-json\/wp\/v2\/comments?post=117589"}],"version-history":[{"count":0,"href":"https:\/\/migracao.redenoticia.com.br\/noticia\/wp-json\/wp\/v2\/posts\/117589\/revisions"}],"wp:featuredmedia":[{"embeddable":true,"href":"https:\/\/migracao.redenoticia.com.br\/noticia\/wp-json\/wp\/v2\/media\/108265"}],"wp:attachment":[{"href":"https:\/\/migracao.redenoticia.com.br\/noticia\/wp-json\/wp\/v2\/media?parent=117589"}],"wp:term":[{"taxonomy":"category","embeddable":true,"href":"https:\/\/migracao.redenoticia.com.br\/noticia\/wp-json\/wp\/v2\/categories?post=117589"},{"taxonomy":"post_tag","embeddable":true,"href":"https:\/\/migracao.redenoticia.com.br\/noticia\/wp-json\/wp\/v2\/tags?post=117589"}],"curies":[{"name":"wp","href":"https:\/\/api.w.org\/{rel}","templated":true}]}}