{"id":117646,"date":"2017-07-24T16:40:45","date_gmt":"2017-07-24T19:40:45","guid":{"rendered":"https:\/\/www.redenoticia.com.br\/noticia\/?p=117646"},"modified":"2017-07-25T16:39:21","modified_gmt":"2017-07-25T19:39:21","slug":"novela-ribeirao-do-tempo-resumo-2507-a-juiza-declara-filo-e-tito-casados","status":"publish","type":"post","link":"https:\/\/migracao.redenoticia.com.br\/noticia\/2017\/novela-ribeirao-do-tempo-resumo-2507-a-juiza-declara-filo-e-tito-casados\/117646","title":{"rendered":"Novela \u201cRibeir\u00e3o do Tempo\u201d resumo 25\/07: a ju\u00edza declara Fil\u00f3 e Tito casados"},"content":{"rendered":"<p> <img loading=\"lazy\" decoding=\"async\" class=\"alignleft size-thumbnail wp-image-108265\" src=\"https:\/\/migracao.redenoticia.com.br\/noticia\/imagens\/ribeirao_do_tempo_novela_record_resumo-150x112.jpg\" alt=\"\" width=\"150\" height=\"112\" srcset=\"https:\/\/migracao.redenoticia.com.br\/noticia\/imagens\/ribeirao_do_tempo_novela_record_resumo-150x112.jpg 150w, https:\/\/migracao.redenoticia.com.br\/noticia\/imagens\/ribeirao_do_tempo_novela_record_resumo-265x198.jpg 265w\" sizes=\"auto, (max-width: 150px) 100vw, 150px\" \/><strong><em>Novela \u201cRibeir\u00e3o do Tempo\u201d resumo 25\/07<\/em><\/strong>: no capitulo 101 (*) da novela \u201cRibeir\u00e3o do Tempo\u201d, ter\u00e7a-feira, 25 de julho, Arminda fala para Carmem que o motorista ligou dizendo que o pneu furou, mas contou que j\u00e1 est\u00e1 trocando. F\u00e1tima entrega um bilhete de Flores para L\u00e9ia, em que o professor diz que n\u00e3o vai poder ficar ao lado dela, mas fala que depois explica o porqu\u00ea. Flores encontra Clor\u00eds pr\u00f3ximo ao solar e vai com ela ao casamento. S\u00f4nia sai de casa e Cardoso a segue. Quer\u00eancio e Filomena entram no solar e param diante da ju\u00edza.<\/p>\n<p>Filomena e Tito est\u00e3o diante da ju\u00edza, que fala sobre a import\u00e2ncia do casamento. Marisa explica para Escul\u00e1pio que n\u00e3o foi ao casamento, pois o solar n\u00e3o \u00e9 lugar para ela. Filomena l\u00ea um poema rom\u00e2ntico. Ela e Tito colocam as alian\u00e7as um no outro. Andr\u00e9 e S\u00e9rgio est\u00e3o reunidos na pra\u00e7a com um grupo de jovens discutindo sobre a \u00faltima mensagem do Comando Invis\u00edvel quando S\u00f4nia chega e beija o namorado. Cardoso chega um pouco depois e fica observando os jovens. A ju\u00edza declara Fil\u00f3 e Tito casados. <\/p>\n<p>Karina esbarra numa jarra de vinho e chama a aten\u00e7\u00e3o de todos. Cardoso liga para Ajuricaba e diz que S\u00f4nia est\u00e1 com uns amigos conversando em uma pra\u00e7a. L\u00e9ia cumprimenta Clor\u00eds e Flores e d\u00e1 uma alfinetada neles. Nicolau cumprimenta Tito e Fil\u00f3. Tito fica irritado. Ari discursa na festa de casamento. Ajuricaba dispensa Cardoso e vai atr\u00e1s da filha. S\u00f4nia est\u00e1 abra\u00e7ada com Andr\u00e9, que se esconde assim que v\u00ea o delegado. Nicolau avisa aos convidados que o futuro prefeito de Ribeir\u00e3o vai falar. Quer\u00eancio diz algumas palavras bonitas.   <\/p>\n<p>(*) edi\u00e7\u00e3o da Rede Record, Novela \u201cRibeir\u00e3o do Tempo\u201d, sujeito a altera\u00e7\u00e3o de data e conte\u00fado.<\/p>\n","protected":false},"excerpt":{"rendered":"<p>Novela \u201cRibeir\u00e3o do Tempo\u201d resumo 25\/07: no capitulo 101 (*) da novela \u201cRibeir\u00e3o do Tempo\u201d, ter\u00e7a-feira, 25 de julho, Arminda fala para Carmem que o motorista ligou dizendo que o pneu furou, mas contou que j\u00e1 est\u00e1 trocando. F\u00e1tima entrega um bilhete de Flores para L\u00e9ia, em que o professor diz que n\u00e3o vai poder [&hellip;]<\/p>\n","protected":false},"author":2,"featured_media":108265,"comment_status":"open","ping_status":"closed","sticky":false,"template":"","format":"standard","meta":{"tdm_status":"","tdm_grid_status":"","footnotes":""},"categories":[379,371,343],"tags":[441],"class_list":{"0":"post-117646","1":"post","2":"type-post","3":"status-publish","4":"format-standard","5":"has-post-thumbnail","7":"category-novelas","8":"category-rede-record","9":"category-televisao","10":"tag-resumo-do-dia"},"_links":{"self":[{"href":"https:\/\/migracao.redenoticia.com.br\/noticia\/wp-json\/wp\/v2\/posts\/117646","targetHints":{"allow":["GET"]}}],"collection":[{"href":"https:\/\/migracao.redenoticia.com.br\/noticia\/wp-json\/wp\/v2\/posts"}],"about":[{"href":"https:\/\/migracao.redenoticia.com.br\/noticia\/wp-json\/wp\/v2\/types\/post"}],"author":[{"embeddable":true,"href":"https:\/\/migracao.redenoticia.com.br\/noticia\/wp-json\/wp\/v2\/users\/2"}],"replies":[{"embeddable":true,"href":"https:\/\/migracao.redenoticia.com.br\/noticia\/wp-json\/wp\/v2\/comments?post=117646"}],"version-history":[{"count":0,"href":"https:\/\/migracao.redenoticia.com.br\/noticia\/wp-json\/wp\/v2\/posts\/117646\/revisions"}],"wp:featuredmedia":[{"embeddable":true,"href":"https:\/\/migracao.redenoticia.com.br\/noticia\/wp-json\/wp\/v2\/media\/108265"}],"wp:attachment":[{"href":"https:\/\/migracao.redenoticia.com.br\/noticia\/wp-json\/wp\/v2\/media?parent=117646"}],"wp:term":[{"taxonomy":"category","embeddable":true,"href":"https:\/\/migracao.redenoticia.com.br\/noticia\/wp-json\/wp\/v2\/categories?post=117646"},{"taxonomy":"post_tag","embeddable":true,"href":"https:\/\/migracao.redenoticia.com.br\/noticia\/wp-json\/wp\/v2\/tags?post=117646"}],"curies":[{"name":"wp","href":"https:\/\/api.w.org\/{rel}","templated":true}]}}