{"id":117654,"date":"2017-07-24T16:44:55","date_gmt":"2017-07-24T19:44:55","guid":{"rendered":"https:\/\/www.redenoticia.com.br\/noticia\/?p=117654"},"modified":"2017-07-23T18:57:12","modified_gmt":"2017-07-23T21:57:12","slug":"novela-o-rico-e-lazaro-resumo-2507-nabucodonosor-fica-feliz-ao-reencontrar-aliatis","status":"publish","type":"post","link":"https:\/\/migracao.redenoticia.com.br\/noticia\/2017\/novela-o-rico-e-lazaro-resumo-2507-nabucodonosor-fica-feliz-ao-reencontrar-aliatis\/117654","title":{"rendered":"Novela \u201cO Rico e L\u00e1zaro\u201d resumo 25\/07: Nabucodonosor fica feliz ao reencontrar Aliatis"},"content":{"rendered":"<p> <img loading=\"lazy\" decoding=\"async\" class=\"alignleft size-thumbnail wp-image-107948\" src=\"https:\/\/migracao.redenoticia.com.br\/noticia\/imagens\/o_rico_e_o_lazaro_resumo_novela_record-150x112.jpg\" alt=\"\" width=\"150\" height=\"112\" srcset=\"https:\/\/migracao.redenoticia.com.br\/noticia\/imagens\/o_rico_e_o_lazaro_resumo_novela_record-150x112.jpg 150w, https:\/\/migracao.redenoticia.com.br\/noticia\/imagens\/o_rico_e_o_lazaro_resumo_novela_record-265x198.jpg 265w\" sizes=\"auto, (max-width: 150px) 100vw, 150px\" \/><strong><em>Novela \u201cO Rico e L\u00e1zaro\u201d resumo 25\/07<\/em><\/strong>: no capitulo 097(*) da novela \u201cO Rico e L\u00e1zaro\u201d, ter\u00e7a-feira, 25 de julho, Sammu-Ramat mente para Nebuzarad\u00e3 e diz que Kassaia o traiu com Asher. Hurzabum chega ao pal\u00e1cio para dar aula de m\u00fasica a Belsazar. Rebeca fala do interesse de Dana por Rafael. Talita diz que precisa cobrar Zabaia pela dan\u00e7a. <\/p>\n<p>Aliatis, um antigo servo do rei, reaparece no pal\u00e1cio com seu filho, Madai, e pede para voltar a servir o soberano. Nabucodonosor fica feliz ao reencontrar Aliatis e permite que ele lhe sirva novamente. Rabe-S\u00e1ris provoca Joana. Lia retorna ao alojamento de escravas. Daniel aconselha Joana. <\/p>\n<p>Abednego pede Naomi em casamento, mas ela se recusa. Mesaque e Sadraque come\u00e7am a namorar Raquel e Dalila. Naomi encontra Lia e diz n\u00e3o ter conseguido aceitar o pedido de Abednego. Nebuzarad\u00e3 tira satisfa\u00e7\u00e3o com Asher e o amea\u00e7a.<\/p>\n<p>(*) edi\u00e7\u00e3o da Rede Record, Novela \u201cO Rico e L\u00e1zaro\u201d, sujeito a altera\u00e7\u00e3o de data e conte\u00fado.<\/p>\n","protected":false},"excerpt":{"rendered":"<p>Novela \u201cO Rico e L\u00e1zaro\u201d resumo 25\/07: no capitulo 097(*) da novela \u201cO Rico e L\u00e1zaro\u201d, ter\u00e7a-feira, 25 de julho, Sammu-Ramat mente para Nebuzarad\u00e3 e diz que Kassaia o traiu com Asher. Hurzabum chega ao pal\u00e1cio para dar aula de m\u00fasica a Belsazar. Rebeca fala do interesse de Dana por Rafael. Talita diz que precisa [&hellip;]<\/p>\n","protected":false},"author":2,"featured_media":107948,"comment_status":"open","ping_status":"closed","sticky":false,"template":"","format":"standard","meta":{"tdm_status":"","tdm_grid_status":"","footnotes":""},"categories":[379,371,343],"tags":[441],"class_list":{"0":"post-117654","1":"post","2":"type-post","3":"status-publish","4":"format-standard","5":"has-post-thumbnail","7":"category-novelas","8":"category-rede-record","9":"category-televisao","10":"tag-resumo-do-dia"},"_links":{"self":[{"href":"https:\/\/migracao.redenoticia.com.br\/noticia\/wp-json\/wp\/v2\/posts\/117654","targetHints":{"allow":["GET"]}}],"collection":[{"href":"https:\/\/migracao.redenoticia.com.br\/noticia\/wp-json\/wp\/v2\/posts"}],"about":[{"href":"https:\/\/migracao.redenoticia.com.br\/noticia\/wp-json\/wp\/v2\/types\/post"}],"author":[{"embeddable":true,"href":"https:\/\/migracao.redenoticia.com.br\/noticia\/wp-json\/wp\/v2\/users\/2"}],"replies":[{"embeddable":true,"href":"https:\/\/migracao.redenoticia.com.br\/noticia\/wp-json\/wp\/v2\/comments?post=117654"}],"version-history":[{"count":0,"href":"https:\/\/migracao.redenoticia.com.br\/noticia\/wp-json\/wp\/v2\/posts\/117654\/revisions"}],"wp:featuredmedia":[{"embeddable":true,"href":"https:\/\/migracao.redenoticia.com.br\/noticia\/wp-json\/wp\/v2\/media\/107948"}],"wp:attachment":[{"href":"https:\/\/migracao.redenoticia.com.br\/noticia\/wp-json\/wp\/v2\/media?parent=117654"}],"wp:term":[{"taxonomy":"category","embeddable":true,"href":"https:\/\/migracao.redenoticia.com.br\/noticia\/wp-json\/wp\/v2\/categories?post=117654"},{"taxonomy":"post_tag","embeddable":true,"href":"https:\/\/migracao.redenoticia.com.br\/noticia\/wp-json\/wp\/v2\/tags?post=117654"}],"curies":[{"name":"wp","href":"https:\/\/api.w.org\/{rel}","templated":true}]}}