{"id":117684,"date":"2017-07-25T16:40:50","date_gmt":"2017-07-25T19:40:50","guid":{"rendered":"https:\/\/www.redenoticia.com.br\/noticia\/?p=117684"},"modified":"2017-07-26T18:28:21","modified_gmt":"2017-07-26T21:28:21","slug":"novela-ribeirao-do-tempo-resumo-2607-arminda-pede-para-o-senador-ir-embora","status":"publish","type":"post","link":"https:\/\/migracao.redenoticia.com.br\/noticia\/2017\/novela-ribeirao-do-tempo-resumo-2607-arminda-pede-para-o-senador-ir-embora\/117684","title":{"rendered":"Novela \u201cRibeir\u00e3o do Tempo\u201d resumo 26\/07: Arminda pede para o senador ir embora"},"content":{"rendered":"<p> <img loading=\"lazy\" decoding=\"async\" class=\"alignleft size-thumbnail wp-image-108265\" src=\"https:\/\/migracao.redenoticia.com.br\/noticia\/imagens\/ribeirao_do_tempo_novela_record_resumo-150x112.jpg\" alt=\"\" width=\"150\" height=\"112\" srcset=\"https:\/\/migracao.redenoticia.com.br\/noticia\/imagens\/ribeirao_do_tempo_novela_record_resumo-150x112.jpg 150w, https:\/\/migracao.redenoticia.com.br\/noticia\/imagens\/ribeirao_do_tempo_novela_record_resumo-265x198.jpg 265w\" sizes=\"auto, (max-width: 150px) 100vw, 150px\" \/><strong><em>Novela \u201cRibeir\u00e3o do Tempo\u201d resumo 26\/07<\/em><\/strong>: no capitulo 102 (*) da novela \u201cRibeir\u00e3o do Tempo\u201d, quarta-feira, 26 de julho, S\u00e9rgio explica a Ajuricaba que eles est\u00e3o organizando uma homenagem surpresa ao diretor do col\u00e9gio. L\u00edlian vai at\u00e9 a Folha da Corredeira e diz a Lincon que est\u00e1 preocupada com a fun\u00e7\u00e3o dela no jornal. Karina faz um brinde ao casal, elegante, mas venenosa. Ajuricaba conta a Virg\u00ednia que montou uma campana para vigiar S\u00f4nia. Andr\u00e9 prop\u00f5e a S\u00f4nia que eles abram o jogo com Ajuricaba. L\u00edlian conta a Lincon que se sentiria \u00fatil se pudesse ser secret\u00e1ria dele. O jornalista gosta da ideia. Fil\u00f3 percebe que Ellen est\u00e1 triste e diz a ela que logo o pesadelo vai passar. Marisa chega ao casamento no final da festa. Zuleide ampara Karina que n\u00e3o se cont\u00e9m e explode num choro. Arminda pega o buqu\u00ea de Filomena e sorri sem jeito. Nicolau se empolga e anuncia que em breve vai se casar com a executiva. Joca quase desmaia.<\/p>\n<p>Virg\u00edlio explica a Nasinho que o empr\u00e9stimo n\u00e3o resolve todos os problemas da pousada. O escrevente prop\u00f5e que eles pensem em uma forma de fazer os h\u00f3spedes detestarem a pousada e sa\u00edrem falando mal. Joca vai embora da festa chateado. Tito e Fil\u00f3 entram no carro sob uma chuva de arroz. Filomena revela ao marido que est\u00e1 muito feliz. S\u00f4nia diz a Andr\u00e9 que precisa de tempo para enfrentar o pai. Os dois se beijam com paix\u00e3o. <\/p>\n<p>Joca vai para o \u201cJ\u00e1 Era\u201d e enche a cara de cacha\u00e7a. Quer\u00eancio diz a Marisa que ficou feliz por ela ter ido ao casamento. L\u00e9ia conta a Sancha que n\u00e3o engoliu a hist\u00f3ria de Flores ter sido obrigado a fazer companhia para Clor\u00eds. A festa acabou e Nicolau est\u00e1 recostado no sof\u00e1. Arminda pede para o senador ir embora. <\/p>\n<p>(*) edi\u00e7\u00e3o da Rede Record, Novela \u201cRibeir\u00e3o do Tempo\u201d, sujeito a altera\u00e7\u00e3o de data e conte\u00fado.<\/p>\n","protected":false},"excerpt":{"rendered":"<p>Novela \u201cRibeir\u00e3o do Tempo\u201d resumo 26\/07: no capitulo 102 (*) da novela \u201cRibeir\u00e3o do Tempo\u201d, quarta-feira, 26 de julho, S\u00e9rgio explica a Ajuricaba que eles est\u00e3o organizando uma homenagem surpresa ao diretor do col\u00e9gio. L\u00edlian vai at\u00e9 a Folha da Corredeira e diz a Lincon que est\u00e1 preocupada com a fun\u00e7\u00e3o dela no jornal. Karina [&hellip;]<\/p>\n","protected":false},"author":2,"featured_media":108265,"comment_status":"open","ping_status":"closed","sticky":false,"template":"","format":"standard","meta":{"tdm_status":"","tdm_grid_status":"","footnotes":""},"categories":[379,371,343],"tags":[441],"class_list":{"0":"post-117684","1":"post","2":"type-post","3":"status-publish","4":"format-standard","5":"has-post-thumbnail","7":"category-novelas","8":"category-rede-record","9":"category-televisao","10":"tag-resumo-do-dia"},"_links":{"self":[{"href":"https:\/\/migracao.redenoticia.com.br\/noticia\/wp-json\/wp\/v2\/posts\/117684","targetHints":{"allow":["GET"]}}],"collection":[{"href":"https:\/\/migracao.redenoticia.com.br\/noticia\/wp-json\/wp\/v2\/posts"}],"about":[{"href":"https:\/\/migracao.redenoticia.com.br\/noticia\/wp-json\/wp\/v2\/types\/post"}],"author":[{"embeddable":true,"href":"https:\/\/migracao.redenoticia.com.br\/noticia\/wp-json\/wp\/v2\/users\/2"}],"replies":[{"embeddable":true,"href":"https:\/\/migracao.redenoticia.com.br\/noticia\/wp-json\/wp\/v2\/comments?post=117684"}],"version-history":[{"count":0,"href":"https:\/\/migracao.redenoticia.com.br\/noticia\/wp-json\/wp\/v2\/posts\/117684\/revisions"}],"wp:featuredmedia":[{"embeddable":true,"href":"https:\/\/migracao.redenoticia.com.br\/noticia\/wp-json\/wp\/v2\/media\/108265"}],"wp:attachment":[{"href":"https:\/\/migracao.redenoticia.com.br\/noticia\/wp-json\/wp\/v2\/media?parent=117684"}],"wp:term":[{"taxonomy":"category","embeddable":true,"href":"https:\/\/migracao.redenoticia.com.br\/noticia\/wp-json\/wp\/v2\/categories?post=117684"},{"taxonomy":"post_tag","embeddable":true,"href":"https:\/\/migracao.redenoticia.com.br\/noticia\/wp-json\/wp\/v2\/tags?post=117684"}],"curies":[{"name":"wp","href":"https:\/\/api.w.org\/{rel}","templated":true}]}}