{"id":117695,"date":"2017-07-25T16:44:48","date_gmt":"2017-07-25T19:44:48","guid":{"rendered":"https:\/\/www.redenoticia.com.br\/noticia\/?p=117695"},"modified":"2017-07-26T21:48:06","modified_gmt":"2017-07-27T00:48:06","slug":"novela-o-rico-e-lazaro-resumo-2607-zelfa-visita-shag-shag","status":"publish","type":"post","link":"https:\/\/migracao.redenoticia.com.br\/noticia\/2017\/novela-o-rico-e-lazaro-resumo-2607-zelfa-visita-shag-shag\/117695","title":{"rendered":"Novela \u201cO Rico e L\u00e1zaro\u201d resumo 26\/07: Zelfa visita Shag-Shag"},"content":{"rendered":"<p> <img loading=\"lazy\" decoding=\"async\" class=\"alignleft size-thumbnail wp-image-107948\" src=\"https:\/\/migracao.redenoticia.com.br\/noticia\/imagens\/o_rico_e_o_lazaro_resumo_novela_record-150x112.jpg\" alt=\"\" width=\"150\" height=\"112\" srcset=\"https:\/\/migracao.redenoticia.com.br\/noticia\/imagens\/o_rico_e_o_lazaro_resumo_novela_record-150x112.jpg 150w, https:\/\/migracao.redenoticia.com.br\/noticia\/imagens\/o_rico_e_o_lazaro_resumo_novela_record-265x198.jpg 265w\" sizes=\"auto, (max-width: 150px) 100vw, 150px\" \/><strong><em>Novela \u201cO Rico e L\u00e1zaro\u201d resumo 26\/07<\/em><\/strong>: no capitulo 098(*) da novela \u201cO Rico e L\u00e1zaro\u201d, quarta-feira, 26 de julho, o Chefe da Guarda Real avisa que ir\u00e1 propor uma luta entre ele e o escravo. Gadise agradece o apoio de Ebede-Meleque. Oziel continua servindo Fassur. Gadise pede a autoriza\u00e7\u00e3o de Amitis para se casar com Matias. Fassur retorna \u00e0 sinagoga. Ebede diz que Edissa precisa manter a f\u00e9. Nit\u00f3cris trata Evil com carinho. Rafael visita Dana. Rabe-S\u00e1ris pergunta sobre a conversa entre Nebuzarad\u00e3 e Asher, mas o Chefe da Guarda Real se recusa a comentar. <\/p>\n<p>Edissa fica triste com a aus\u00eancia de Joaquim. Absalom fica furioso ao observar Dana ao lado de Rafael. Talita e Samira planejam novamente uma fuga. Zelfa visita Shag-Shag na casa da Lua. Talita se desespera ao v\u00ea-la no local, mas consegue se esconder. Zabaia se recusa a apagar pela dan\u00e7a, mas Talita o amea\u00e7a. Samira tenta enrolar Elga para que ela n\u00e3o descubra que a irm\u00e3 saiu de casa. Hurzabum pede para Zabaia ter paci\u00eancia com Shag-Shag. <\/p>\n<p>Asher fala da futura luta com Nebuzarad\u00e3. Joana encontra Zac e diz querer romper o noivado. Zac fica indignado com Joana e tenta beij\u00e1-la a for\u00e7a. Absalom se irrita com um cliente da oficina. Samira finge ser Talita para enganar Elga. Abednego lamenta a recusa de Naomi. Samira e Talita conseguem enganar Zelfa e Elga. Neusta visita Joaquim na pris\u00e3o. Zac procura Asher e avisa que Joana rompeu o noivado.<\/p>\n<p>(*) edi\u00e7\u00e3o da Rede Record, Novela \u201cO Rico e L\u00e1zaro\u201d, sujeito a altera\u00e7\u00e3o de data e conte\u00fado.<\/p>\n","protected":false},"excerpt":{"rendered":"<p>Novela \u201cO Rico e L\u00e1zaro\u201d resumo 26\/07: no capitulo 098(*) da novela \u201cO Rico e L\u00e1zaro\u201d, quarta-feira, 26 de julho, o Chefe da Guarda Real avisa que ir\u00e1 propor uma luta entre ele e o escravo. Gadise agradece o apoio de Ebede-Meleque. Oziel continua servindo Fassur. Gadise pede a autoriza\u00e7\u00e3o de Amitis para se casar [&hellip;]<\/p>\n","protected":false},"author":2,"featured_media":107948,"comment_status":"open","ping_status":"closed","sticky":false,"template":"","format":"standard","meta":{"tdm_status":"","tdm_grid_status":"","footnotes":""},"categories":[379,371,343],"tags":[441],"class_list":{"0":"post-117695","1":"post","2":"type-post","3":"status-publish","4":"format-standard","5":"has-post-thumbnail","7":"category-novelas","8":"category-rede-record","9":"category-televisao","10":"tag-resumo-do-dia"},"_links":{"self":[{"href":"https:\/\/migracao.redenoticia.com.br\/noticia\/wp-json\/wp\/v2\/posts\/117695","targetHints":{"allow":["GET"]}}],"collection":[{"href":"https:\/\/migracao.redenoticia.com.br\/noticia\/wp-json\/wp\/v2\/posts"}],"about":[{"href":"https:\/\/migracao.redenoticia.com.br\/noticia\/wp-json\/wp\/v2\/types\/post"}],"author":[{"embeddable":true,"href":"https:\/\/migracao.redenoticia.com.br\/noticia\/wp-json\/wp\/v2\/users\/2"}],"replies":[{"embeddable":true,"href":"https:\/\/migracao.redenoticia.com.br\/noticia\/wp-json\/wp\/v2\/comments?post=117695"}],"version-history":[{"count":0,"href":"https:\/\/migracao.redenoticia.com.br\/noticia\/wp-json\/wp\/v2\/posts\/117695\/revisions"}],"wp:featuredmedia":[{"embeddable":true,"href":"https:\/\/migracao.redenoticia.com.br\/noticia\/wp-json\/wp\/v2\/media\/107948"}],"wp:attachment":[{"href":"https:\/\/migracao.redenoticia.com.br\/noticia\/wp-json\/wp\/v2\/media?parent=117695"}],"wp:term":[{"taxonomy":"category","embeddable":true,"href":"https:\/\/migracao.redenoticia.com.br\/noticia\/wp-json\/wp\/v2\/categories?post=117695"},{"taxonomy":"post_tag","embeddable":true,"href":"https:\/\/migracao.redenoticia.com.br\/noticia\/wp-json\/wp\/v2\/tags?post=117695"}],"curies":[{"name":"wp","href":"https:\/\/api.w.org\/{rel}","templated":true}]}}