{"id":117734,"date":"2017-07-26T00:04:02","date_gmt":"2017-07-26T03:04:02","guid":{"rendered":"https:\/\/www.redenoticia.com.br\/noticia\/?p=117734"},"modified":"2017-07-25T15:20:11","modified_gmt":"2017-07-25T18:20:11","slug":"seminario-na-fapesp-traca-os-caminhos-para-a-bioeconomia-em-sp","status":"publish","type":"post","link":"https:\/\/migracao.redenoticia.com.br\/noticia\/2017\/seminario-na-fapesp-traca-os-caminhos-para-a-bioeconomia-em-sp\/117734","title":{"rendered":"Semin\u00e1rio na FAPESP tra\u00e7a os caminhos para a bioeconomia em SP"},"content":{"rendered":"<p>Ag\u00eancia FAPESP \u2013 O desenvolvimento da <strong><em>bioeconomia<\/em><\/strong> no Estado de S\u00e3o Paulo ser\u00e1 o foco de apresenta\u00e7\u00f5es e debates do semin\u00e1rio PPPBio FAPESP: Pol\u00edticas P\u00fablicas para o Desenvolvimento da Bioeconomia, em 3 de agosto, na sede da Funda\u00e7\u00e3o, em S\u00e3o Paulo. O encontro discutir\u00e1 oportunidades, barreiras e desafios tecnol\u00f3gicos para avan\u00e7os em dire\u00e7\u00e3o \u00e0 bioeconomia a partir dos resultados do primeiro ano de atividade do projeto \u201cAgropolo Campinas-Brasil: roadmap para identifica\u00e7\u00e3o de \u00e1reas estrat\u00e9gicas de pesquisa visando a cria\u00e7\u00e3o de um ecossistema bioecon\u00f4mico de classe mundial\u201d, apoiado pela FAPESP no \u00e2mbito do Programa de Pesquisa em Pol\u00edticas P\u00fablicas.<\/p>\n<p>O projeto constitui uma plataforma interinstitucional que tem como base o conceito de inova\u00e7\u00e3o e a meta de conectar a comunidade acad\u00eamica e o setor produtivo em ambiente favor\u00e1vel ao surgimento de empresas de base tecnol\u00f3gica e de parcerias para o desenvolvimento da bioeconomia, al\u00e9m de est\u00edmulos a investimentos nessa \u00e1rea.<\/p>\n<p>O Agropolo Campinas-Brasil agrega os Institutos de Tecnologia de Alimentos (Ital), Biol\u00f3gico (IB) e Agron\u00f4mico (IAC), sediadaos naquele munic\u00edpio, as secretarias de Estado do Desenvolvimento Econ\u00f4mico, Ci\u00eancia, Tecnologia e Inova\u00e7\u00e3o e de Agricultura e Abastecimento, a Universidade Estadual de Campinas (Unicamp), o parque tecnol\u00f3gico Techno Park, em Campinas, a Prefeitura da cidade, e a Agropolis Internacional, associa\u00e7\u00e3o francesa voltada para a pesquisa agron\u00f4mica e o desenvolvimento sustent\u00e1vel.<\/p>\n<p>Entre os temas estrat\u00e9gicos definidos pelo projeto est\u00e3o res\u00edduos urbanos e agr\u00edcolas: energia, reciclagem de nutrientes e fertilizantes; tecnologias para agricultura de precis\u00e3o; uso sustent\u00e1vel da \u00e1gua; alimentos funcionais; biocombust\u00edveis avan\u00e7ados para avia\u00e7\u00e3o e transporte pesado; e biomassa para produtos qu\u00edmicos.<\/p>\n<p>O semin\u00e1rio ser\u00e1 aberto por Carlos Am\u00e9rico Pacheco, diretor-presidente do Conselho T\u00e9cnico-Administrativo da FAPESP, e Jonas Donizete, prefeito de Campinas e presidente do Conselho do Agropolo Campinas-Brasil. Carlos Henrique de Brito Cruz, diretor-cient\u00edfico da Funda\u00e7\u00e3o, ir\u00e1 tratar do apoio da FAPESP \u00e0 Bioeconomia, S\u00e9rgio Carbonell, coordenador do projeto Agropolo e diretor do Instituto Agron\u00f4mico (IAC), ir\u00e1 relatar os resultados preliminares de pesquisa realizada no projeto e os pesquisadores envolvidos far\u00e3o coment\u00e1rios sobre suas pesquisas.<\/p>\n<p>Em seguida, haver\u00e1 uma mesa-redonda com o tema Esfor\u00e7os colaborativos para o desenvolvimento da bioeconomia e da inova\u00e7\u00e3o, reunindo Jos\u00e9 Goldemberg, presidente da FAPESP; Marcelo Knobel, reitor da Unicamp; Brito Cruz; M\u00e1rcio Fran\u00e7a, vice-governador de S\u00e3o Paulo e secret\u00e1rio do Desenvolvimento Econ\u00f4mico, Ci\u00eancia, Tecnologia e Inova\u00e7\u00e3o; Arnaldo Jardim, secret\u00e1rio de Agricultura e Abastecimento; Jonas Donizete, prefeito de Campinas; Jacyr da Silva Costa Filho, presidente do Conselho Superior do Agroneg\u00f3cio (Cosag\/Fiesp); e Guilherme Afif Domingos, diretor-presidente do Sebrae.<\/p>\n<p>Para mais detalhes da programa\u00e7\u00e3o acesse: .<\/p>\n<p>As inscri\u00e7\u00f5es devem ser feitas no endere\u00e7o: .<\/p>\n","protected":false},"excerpt":{"rendered":"<p>Ag\u00eancia FAPESP \u2013 O desenvolvimento da bioeconomia no Estado de S\u00e3o Paulo ser\u00e1 o foco de apresenta\u00e7\u00f5es e debates do semin\u00e1rio PPPBio FAPESP: Pol\u00edticas P\u00fablicas para o Desenvolvimento da Bioeconomia, em 3 de agosto, na sede da Funda\u00e7\u00e3o, em S\u00e3o Paulo. O encontro discutir\u00e1 oportunidades, barreiras e desafios tecnol\u00f3gicos para avan\u00e7os em dire\u00e7\u00e3o \u00e0 bioeconomia [&hellip;]<\/p>\n","protected":false},"author":2,"featured_media":36246,"comment_status":"open","ping_status":"closed","sticky":false,"template":"","format":"standard","meta":{"tdm_status":"","tdm_grid_status":"","footnotes":""},"categories":[22,351,370],"tags":[],"class_list":{"0":"post-117734","1":"post","2":"type-post","3":"status-publish","4":"format-standard","5":"has-post-thumbnail","7":"category-brasil","8":"category-cursos","9":"category-inscricao"},"_links":{"self":[{"href":"https:\/\/migracao.redenoticia.com.br\/noticia\/wp-json\/wp\/v2\/posts\/117734","targetHints":{"allow":["GET"]}}],"collection":[{"href":"https:\/\/migracao.redenoticia.com.br\/noticia\/wp-json\/wp\/v2\/posts"}],"about":[{"href":"https:\/\/migracao.redenoticia.com.br\/noticia\/wp-json\/wp\/v2\/types\/post"}],"author":[{"embeddable":true,"href":"https:\/\/migracao.redenoticia.com.br\/noticia\/wp-json\/wp\/v2\/users\/2"}],"replies":[{"embeddable":true,"href":"https:\/\/migracao.redenoticia.com.br\/noticia\/wp-json\/wp\/v2\/comments?post=117734"}],"version-history":[{"count":0,"href":"https:\/\/migracao.redenoticia.com.br\/noticia\/wp-json\/wp\/v2\/posts\/117734\/revisions"}],"wp:featuredmedia":[{"embeddable":true,"href":"https:\/\/migracao.redenoticia.com.br\/noticia\/wp-json\/wp\/v2\/media\/36246"}],"wp:attachment":[{"href":"https:\/\/migracao.redenoticia.com.br\/noticia\/wp-json\/wp\/v2\/media?parent=117734"}],"wp:term":[{"taxonomy":"category","embeddable":true,"href":"https:\/\/migracao.redenoticia.com.br\/noticia\/wp-json\/wp\/v2\/categories?post=117734"},{"taxonomy":"post_tag","embeddable":true,"href":"https:\/\/migracao.redenoticia.com.br\/noticia\/wp-json\/wp\/v2\/tags?post=117734"}],"curies":[{"name":"wp","href":"https:\/\/api.w.org\/{rel}","templated":true}]}}