{"id":117758,"date":"2017-07-26T16:40:14","date_gmt":"2017-07-26T19:40:14","guid":{"rendered":"https:\/\/www.redenoticia.com.br\/noticia\/?p=117758"},"modified":"2017-07-27T19:31:40","modified_gmt":"2017-07-27T22:31:40","slug":"novela-ribeirao-do-tempo-resumo-2707-arminda-recebe-flores-de-beatriz","status":"publish","type":"post","link":"https:\/\/migracao.redenoticia.com.br\/noticia\/2017\/novela-ribeirao-do-tempo-resumo-2707-arminda-recebe-flores-de-beatriz\/117758","title":{"rendered":"Novela \u201cRibeir\u00e3o do Tempo\u201d resumo 27\/07: Romeu e Alfredo levam Joca em casa"},"content":{"rendered":"<p> <img loading=\"lazy\" decoding=\"async\" class=\"alignleft size-thumbnail wp-image-108265\" src=\"https:\/\/migracao.redenoticia.com.br\/noticia\/imagens\/ribeirao_do_tempo_novela_record_resumo-150x112.jpg\" alt=\"\" width=\"150\" height=\"112\" srcset=\"https:\/\/migracao.redenoticia.com.br\/noticia\/imagens\/ribeirao_do_tempo_novela_record_resumo-150x112.jpg 150w, https:\/\/migracao.redenoticia.com.br\/noticia\/imagens\/ribeirao_do_tempo_novela_record_resumo-265x198.jpg 265w\" sizes=\"auto, (max-width: 150px) 100vw, 150px\" \/><strong><em>Novela \u201cRibeir\u00e3o do Tempo\u201d resumo 27\/07<\/em><\/strong>: no capitulo 103 (*) da novela \u201cRibeir\u00e3o do Tempo\u201d, quinta-feira, 27 de julho, Bruno confessa a C\u00e9lia que Arminda vai ficar mais poderosa se casar com Nicolau. Ajuricaba fala para S\u00f4nia que achou estranha a reuni\u00e3o dela e dos amigos e os dois discutem. Andr\u00e9 fica radiante ao saber que os pais v\u00e3o entrar de f\u00e9rias. Fil\u00f3 pede para Tito lev\u00e1-la no colo at\u00e9 o quarto. <\/p>\n<p>Tito explica para Filomena que resolveu colocar duas camas de solteiro no quarto para deix\u00e1-la mais \u00e0 vontade. Ela disfar\u00e7a a frustra\u00e7\u00e3o. Arminda lembra de Nicolau anunciando o casamento deles e joga um objeto contra a parede, assustando Diana. A jovem vai conversar com a executiva e as duas se abra\u00e7am. Filomena veste uma camisola sensual e se depara com Tito dormindo. <\/p>\n<p>Joca, b\u00eabado, afirma que n\u00e3o vai amar nunca mais. Romeu e Alfredo levam Joca em casa. L\u00e9ia coloca o filho para dormir. Filomena tem um pesadelo com Karina e quando acorda v\u00ea a cama de Tito vazia. Joca acorda de ressaca. Clor\u00eds pergunta \u00e0 Filomena se ela dormiu bem e ela mente que sim. <\/p>\n<p>(*) edi\u00e7\u00e3o da Rede Record, Novela \u201cRibeir\u00e3o do Tempo\u201d, sujeito a altera\u00e7\u00e3o de data e conte\u00fado.<\/p>\n","protected":false},"excerpt":{"rendered":"<p>Novela \u201cRibeir\u00e3o do Tempo\u201d resumo 27\/07: no capitulo 103 (*) da novela \u201cRibeir\u00e3o do Tempo\u201d, quinta-feira, 27 de julho, Bruno confessa a C\u00e9lia que Arminda vai ficar mais poderosa se casar com Nicolau. Ajuricaba fala para S\u00f4nia que achou estranha a reuni\u00e3o dela e dos amigos e os dois discutem. Andr\u00e9 fica radiante ao saber [&hellip;]<\/p>\n","protected":false},"author":2,"featured_media":108265,"comment_status":"open","ping_status":"closed","sticky":false,"template":"","format":"standard","meta":{"tdm_status":"","tdm_grid_status":"","footnotes":""},"categories":[379,371,343],"tags":[441],"class_list":{"0":"post-117758","1":"post","2":"type-post","3":"status-publish","4":"format-standard","5":"has-post-thumbnail","7":"category-novelas","8":"category-rede-record","9":"category-televisao","10":"tag-resumo-do-dia"},"_links":{"self":[{"href":"https:\/\/migracao.redenoticia.com.br\/noticia\/wp-json\/wp\/v2\/posts\/117758","targetHints":{"allow":["GET"]}}],"collection":[{"href":"https:\/\/migracao.redenoticia.com.br\/noticia\/wp-json\/wp\/v2\/posts"}],"about":[{"href":"https:\/\/migracao.redenoticia.com.br\/noticia\/wp-json\/wp\/v2\/types\/post"}],"author":[{"embeddable":true,"href":"https:\/\/migracao.redenoticia.com.br\/noticia\/wp-json\/wp\/v2\/users\/2"}],"replies":[{"embeddable":true,"href":"https:\/\/migracao.redenoticia.com.br\/noticia\/wp-json\/wp\/v2\/comments?post=117758"}],"version-history":[{"count":0,"href":"https:\/\/migracao.redenoticia.com.br\/noticia\/wp-json\/wp\/v2\/posts\/117758\/revisions"}],"wp:featuredmedia":[{"embeddable":true,"href":"https:\/\/migracao.redenoticia.com.br\/noticia\/wp-json\/wp\/v2\/media\/108265"}],"wp:attachment":[{"href":"https:\/\/migracao.redenoticia.com.br\/noticia\/wp-json\/wp\/v2\/media?parent=117758"}],"wp:term":[{"taxonomy":"category","embeddable":true,"href":"https:\/\/migracao.redenoticia.com.br\/noticia\/wp-json\/wp\/v2\/categories?post=117758"},{"taxonomy":"post_tag","embeddable":true,"href":"https:\/\/migracao.redenoticia.com.br\/noticia\/wp-json\/wp\/v2\/tags?post=117758"}],"curies":[{"name":"wp","href":"https:\/\/api.w.org\/{rel}","templated":true}]}}