{"id":117766,"date":"2017-07-26T16:44:27","date_gmt":"2017-07-26T19:44:27","guid":{"rendered":"https:\/\/www.redenoticia.com.br\/noticia\/?p=117766"},"modified":"2017-07-25T15:44:33","modified_gmt":"2017-07-25T18:44:33","slug":"novela-o-rico-e-lazaro-resumo-2707-amitis-trata-nitocris-com-frieza","status":"publish","type":"post","link":"https:\/\/migracao.redenoticia.com.br\/noticia\/2017\/novela-o-rico-e-lazaro-resumo-2707-amitis-trata-nitocris-com-frieza\/117766","title":{"rendered":"Novela \u201cO Rico e L\u00e1zaro\u201d resumo 27\/07: Amitis trata Nit\u00f3cris com frieza"},"content":{"rendered":"<p> <img loading=\"lazy\" decoding=\"async\" class=\"alignleft size-thumbnail wp-image-107948\" src=\"https:\/\/migracao.redenoticia.com.br\/noticia\/imagens\/o_rico_e_o_lazaro_resumo_novela_record-150x112.jpg\" alt=\"\" width=\"150\" height=\"112\" srcset=\"https:\/\/migracao.redenoticia.com.br\/noticia\/imagens\/o_rico_e_o_lazaro_resumo_novela_record-150x112.jpg 150w, https:\/\/migracao.redenoticia.com.br\/noticia\/imagens\/o_rico_e_o_lazaro_resumo_novela_record-265x198.jpg 265w\" sizes=\"auto, (max-width: 150px) 100vw, 150px\" \/><strong><em>Novela \u201cO Rico e L\u00e1zaro\u201d resumo 27\/07<\/em><\/strong>: no capitulo 099(*) da novela \u201cO Rico e L\u00e1zaro\u201d, quinta-feira, 27 de julho, Zac fica indignado com Joana e tenta beij\u00e1-la a for\u00e7a. Absalom se irrita com um cliente da oficina. Samira finge ser Talita para enganar Elga. Abednego lamenta a recusa de Naomi. Samira e Talita conseguem enganar Zelfa e Elga. Neusta visita Joaquim na pris\u00e3o. Zac procura Asher e avisa que Joana rompeu o noivado. <\/p>\n<p>Dana diz ter gostado de Rafael. Irritado, Zac humilha um de seus clientes. B\u00eabada, Shag-Shag ofende Hurzabum. Namnu e Arioque falam sobre amor. Daniel diz para Abednego ter paci\u00eancia. Naomi fala de seu trauma na inf\u00e2ncia. Daniel aconselha Evil-Merodaque. Amitis trata Nit\u00f3cris com frieza. Darice diz que Nebuzarad\u00e3 deseja ver Sammu. Triste com a atitude de Joana, Zac bebe na Casa da Lua. <\/p>\n<p>Nebuzarad\u00e3 se entrega aos bra\u00e7os de Sammu-Ramat e cobi\u00e7am o poder. Nit\u00f3cris lamenta a atitude de Amitis. Evil se declara para Shamiran. Ebede tenta confortar Gadise. Zac fica b\u00eabado na Casa da Lua. Amitis e Nabucodonosor se declaram um para o outro. Hurzabum pede Rebeca em casamento. Asher fala de seu desejo de vingan\u00e7a. Zac chega b\u00eabado em casa e briga Nicolau. Ele tenta acertar um soco no irm\u00e3o ca\u00e7ula, mas acerta Elga.<\/p>\n<p>(*) edi\u00e7\u00e3o da Rede Record, Novela \u201cO Rico e L\u00e1zaro\u201d, sujeito a altera\u00e7\u00e3o de data e conte\u00fado.<\/p>\n","protected":false},"excerpt":{"rendered":"<p>Novela \u201cO Rico e L\u00e1zaro\u201d resumo 27\/07: no capitulo 099(*) da novela \u201cO Rico e L\u00e1zaro\u201d, quinta-feira, 27 de julho, Zac fica indignado com Joana e tenta beij\u00e1-la a for\u00e7a. Absalom se irrita com um cliente da oficina. Samira finge ser Talita para enganar Elga. Abednego lamenta a recusa de Naomi. Samira e Talita conseguem [&hellip;]<\/p>\n","protected":false},"author":2,"featured_media":107948,"comment_status":"open","ping_status":"closed","sticky":false,"template":"","format":"standard","meta":{"tdm_status":"","tdm_grid_status":"","footnotes":""},"categories":[379,371,343],"tags":[441],"class_list":{"0":"post-117766","1":"post","2":"type-post","3":"status-publish","4":"format-standard","5":"has-post-thumbnail","7":"category-novelas","8":"category-rede-record","9":"category-televisao","10":"tag-resumo-do-dia"},"_links":{"self":[{"href":"https:\/\/migracao.redenoticia.com.br\/noticia\/wp-json\/wp\/v2\/posts\/117766","targetHints":{"allow":["GET"]}}],"collection":[{"href":"https:\/\/migracao.redenoticia.com.br\/noticia\/wp-json\/wp\/v2\/posts"}],"about":[{"href":"https:\/\/migracao.redenoticia.com.br\/noticia\/wp-json\/wp\/v2\/types\/post"}],"author":[{"embeddable":true,"href":"https:\/\/migracao.redenoticia.com.br\/noticia\/wp-json\/wp\/v2\/users\/2"}],"replies":[{"embeddable":true,"href":"https:\/\/migracao.redenoticia.com.br\/noticia\/wp-json\/wp\/v2\/comments?post=117766"}],"version-history":[{"count":0,"href":"https:\/\/migracao.redenoticia.com.br\/noticia\/wp-json\/wp\/v2\/posts\/117766\/revisions"}],"wp:featuredmedia":[{"embeddable":true,"href":"https:\/\/migracao.redenoticia.com.br\/noticia\/wp-json\/wp\/v2\/media\/107948"}],"wp:attachment":[{"href":"https:\/\/migracao.redenoticia.com.br\/noticia\/wp-json\/wp\/v2\/media?parent=117766"}],"wp:term":[{"taxonomy":"category","embeddable":true,"href":"https:\/\/migracao.redenoticia.com.br\/noticia\/wp-json\/wp\/v2\/categories?post=117766"},{"taxonomy":"post_tag","embeddable":true,"href":"https:\/\/migracao.redenoticia.com.br\/noticia\/wp-json\/wp\/v2\/tags?post=117766"}],"curies":[{"name":"wp","href":"https:\/\/api.w.org\/{rel}","templated":true}]}}