{"id":117781,"date":"2017-07-25T16:32:58","date_gmt":"2017-07-25T19:32:58","guid":{"rendered":"https:\/\/www.redenoticia.com.br\/noticia\/?p=117781"},"modified":"2017-07-25T16:30:48","modified_gmt":"2017-07-25T19:30:48","slug":"resumo-novela-carinha-de-anjo-25607-cecilia-volta-para-doce-horizonte","status":"publish","type":"post","link":"https:\/\/migracao.redenoticia.com.br\/noticia\/2017\/resumo-novela-carinha-de-anjo-25607-cecilia-volta-para-doce-horizonte\/117781","title":{"rendered":"Resumo novela \u201cCarinha de Anjo\u201d 256\/07: Cec\u00edlia volta para Doce Horizonte"},"content":{"rendered":"<p><img loading=\"lazy\" decoding=\"async\" class=\"alignleft size-thumbnail wp-image-99331\" src=\"https:\/\/migracao.redenoticia.com.br\/noticia\/imagens\/carinha_de_anjo_sbt_novela_resumo_capitulo-150x112.jpg\" alt=\"carinha_de_anjo_sbt_novela_resumo_capitulo\" width=\"150\" height=\"112\" srcset=\"https:\/\/migracao.redenoticia.com.br\/noticia\/imagens\/carinha_de_anjo_sbt_novela_resumo_capitulo-150x112.jpg 150w, https:\/\/migracao.redenoticia.com.br\/noticia\/imagens\/carinha_de_anjo_sbt_novela_resumo_capitulo-265x198.jpg 265w\" sizes=\"auto, (max-width: 150px) 100vw, 150px\" \/><strong><em>Resumo novela \u201cCarinha de Anjo\u201d 26\/07<\/em><\/strong>: no cap\u00edtulo 178(*) da novela \u201cCarinha de Anjo\u201d, resumo de quarta-feira, 26 de julho, As meninas do internato est\u00e3o preocupadas com Dulce Maria. O doutor Andr\u00e9 vai at\u00e9 o col\u00e9gio para contar para a Madre Superiora como est\u00e1 a carinha de anjo. Rosana leva Juju e sua amiga Babi para gravarem o videoclipe novo de Zeca. No hospital, Dulce Maria percebe que n\u00e3o consegue mexer as pernas. Os m\u00e9dicos avisam Gustavo e Vitor que Dulce Maria est\u00e1 bem, com todos os exames em dia, mas que o diagn\u00f3stico da carinha de anjo \u00e9 emocional e por isso ela n\u00e3o consegue mexer as pernas. Os profissionais da sa\u00fade indicam que ela passe por tratamento psicol\u00f3gico. Em\u00edlio, Z\u00e9 Felipe e Miguel colocam plano em a\u00e7\u00e3o para que Luciano e seus amigos n\u00e3o consigam atrapalhar a filmagem do clipe de Juju. Diana recebe uma liga\u00e7\u00e3o e avisa In\u00e1cio que Cec\u00edlia est\u00e1 de volta a Doce Horizonte. Fl\u00e1vio treina Noemia na academia e Haydee aparece. A m\u00e3e de Fl\u00e1vio acha que a mulher \u00e9 av\u00f3 de Noemia.<\/p>\n<p>(*) edi\u00e7\u00e3o do SBT, Novela \u201cCarinha de Anjo\u201d, sujeito a altera\u00e7\u00e3o de data e conte\u00fado.<\/p>\n<p>Carinha de Anjo \u00e9 uma telenovela brasileira produzida e exibida originalmente pelo SBT desde o dia 21 de novembro de 2016, substituindo o hor\u00e1rio anteriormente ocupado por C\u00famplices de um Resgate. A telenovela \u00e9 inspirada na mexicana Carita de \u00e1ngel, que, por sua vez, \u00e9 um remake de Mundo de juguete, ambas produzidas pela Televisa e que haviam sido baseadas na trama argentina escrita por Abel Santa Cruz, Pap\u00e1 coraz\u00f3n. Esta ser\u00e1 a segunda adapta\u00e7\u00e3o brasileira da obra original argentina, visto que a Rede Tupi apresentou em 1976 a sua primeira vers\u00e3o, chamada de Papai Cora\u00e7\u00e3o. A nova vers\u00e3o \u00e9 escrita por Leonor Corr\u00eaa, com supervis\u00e3o de \u00cdris Abravanel e dire\u00e7\u00e3o geral de Ricardo Mantoanelli. A trama conta com Lorena Queiroz, Bia Arantes, Carlo Porto, Priscila Sol, Dani Gondim, Karin Hils, Eliana Guttman e Lucero nos pap\u00e9is principais.<\/p>\n","protected":false},"excerpt":{"rendered":"<p>Resumo novela \u201cCarinha de Anjo\u201d 26\/07: no cap\u00edtulo 178(*) da novela \u201cCarinha de Anjo\u201d, resumo de quarta-feira, 26 de julho, As meninas do internato est\u00e3o preocupadas com Dulce Maria. O doutor Andr\u00e9 vai at\u00e9 o col\u00e9gio para contar para a Madre Superiora como est\u00e1 a carinha de anjo. Rosana leva Juju e sua amiga Babi [&hellip;]<\/p>\n","protected":false},"author":4,"featured_media":99331,"comment_status":"open","ping_status":"closed","sticky":false,"template":"","format":"standard","meta":{"tdm_status":"","tdm_grid_status":"","footnotes":""},"categories":[452,379,372,343],"tags":[441],"class_list":{"0":"post-117781","1":"post","2":"type-post","3":"status-publish","4":"format-standard","5":"has-post-thumbnail","7":"category-carinha-de-anjo","8":"category-novelas","9":"category-sbt","10":"category-televisao","11":"tag-resumo-do-dia"},"_links":{"self":[{"href":"https:\/\/migracao.redenoticia.com.br\/noticia\/wp-json\/wp\/v2\/posts\/117781","targetHints":{"allow":["GET"]}}],"collection":[{"href":"https:\/\/migracao.redenoticia.com.br\/noticia\/wp-json\/wp\/v2\/posts"}],"about":[{"href":"https:\/\/migracao.redenoticia.com.br\/noticia\/wp-json\/wp\/v2\/types\/post"}],"author":[{"embeddable":true,"href":"https:\/\/migracao.redenoticia.com.br\/noticia\/wp-json\/wp\/v2\/users\/4"}],"replies":[{"embeddable":true,"href":"https:\/\/migracao.redenoticia.com.br\/noticia\/wp-json\/wp\/v2\/comments?post=117781"}],"version-history":[{"count":0,"href":"https:\/\/migracao.redenoticia.com.br\/noticia\/wp-json\/wp\/v2\/posts\/117781\/revisions"}],"wp:featuredmedia":[{"embeddable":true,"href":"https:\/\/migracao.redenoticia.com.br\/noticia\/wp-json\/wp\/v2\/media\/99331"}],"wp:attachment":[{"href":"https:\/\/migracao.redenoticia.com.br\/noticia\/wp-json\/wp\/v2\/media?parent=117781"}],"wp:term":[{"taxonomy":"category","embeddable":true,"href":"https:\/\/migracao.redenoticia.com.br\/noticia\/wp-json\/wp\/v2\/categories?post=117781"},{"taxonomy":"post_tag","embeddable":true,"href":"https:\/\/migracao.redenoticia.com.br\/noticia\/wp-json\/wp\/v2\/tags?post=117781"}],"curies":[{"name":"wp","href":"https:\/\/api.w.org\/{rel}","templated":true}]}}