{"id":117783,"date":"2017-07-25T16:33:58","date_gmt":"2017-07-25T19:33:58","guid":{"rendered":"https:\/\/www.redenoticia.com.br\/noticia\/?p=117783"},"modified":"2017-07-25T16:32:31","modified_gmt":"2017-07-25T19:32:31","slug":"resumo-novela-chiquititas-2607-as-chiquititas-retornam-para-as-aulas","status":"publish","type":"post","link":"https:\/\/migracao.redenoticia.com.br\/noticia\/2017\/resumo-novela-chiquititas-2607-as-chiquititas-retornam-para-as-aulas\/117783","title":{"rendered":"Resumo novela \u201cChiquititas\u201d 26\/07: as Chiquititas retornam para as aulas"},"content":{"rendered":"<p><img loading=\"lazy\" decoding=\"async\" class=\"alignleft size-thumbnail wp-image-49690\" src=\"https:\/\/migracao.redenoticia.com.br\/noticia\/imagens\/chiquititas1-150x112.jpg\" alt=\"chiquititas\" width=\"150\" height=\"112\" \/><strong><em>Resumo novela \u201cChiquititas\u201d 26\/07<\/em><\/strong>: no cap\u00edtulo 227(*) da novela \u201cChiquititas\u201d, resumo de quarta-feira, 26 de julho, ap\u00f3s uma discuss\u00e3o em casa, Maria Cec\u00edlia decide sair do apartamento para ter um pouco de sossego. Gabriela viaja para Fran\u00e7a. Carmen comemora. Miguel visita a m\u00e3e dele, Valentina, no hospital. A mulher foi atropelada. Junior carrega Neco, que foi picado por uma cobra Cascavel, pela mata. Junior chega a uma estrada, onde consegue carona para sa\u00edrem do local. Miguel pede perd\u00e3o para a m\u00e3e, Valentina, que est\u00e1 em coma. Fernando leva Carol para jogar bilhar. Maria est\u00e1 ansiosa para come\u00e7ar a estudar. A Boneca Laura, que cria vida apenas para Maria, diz que quer acompanh\u00e1-la na escola. Carol ganha a partida de bilhar. Fernando aproveita a situa\u00e7\u00e3o e beija Carol, que retribui. Neco se recupera num posto m\u00e9dico local, na Amaz\u00f4nia. Chega o primeiro dia de aula. Ernestina n\u00e3o deixa Maria levar a Boneca Laura. Maria decide esconder a boneca em sua mochila. Cris coloca roupas estranhas e tiara com orelhas de pel\u00facia para chamar a aten\u00e7\u00e3o e fingir ser popular. Dani fica com vergonha, pois ainda est\u00e1 na cadeira de rodas e teme ser v\u00edtima de brincadeiras. Mili e as demais Chiquititas mais velhas reclamam ao notar que Janu caiu na sala \u2013 s\u00e9tima s\u00e9rie \u2013 delas ap\u00f3s repetir de ano. Mili alerta que ela \u00e9 a garota mais encrenqueira da escola. Junto com Janu est\u00e1 Bel (Bruna Carvalho), que \u00e9 nova na escola. Trata-se da estreia das duas personagens na trama, Janu e Bel. Armando faz todos os funcion\u00e1rios do Caf\u00e9 Boutique usarem chap\u00e9us em forma de doces. Armado explica aos clientes que toda a vez que o sino tocar haver\u00e1 um pequeno show no palco do Caf\u00e9. Todos os funcion\u00e1rios, apresentados como \u201cThe Cupcakes\u201d, cantam e dan\u00e7am a m\u00fasica \u201cQuero Te Encontrar\u201d. Na escola, Janu chama as Chiquititas de crian\u00e7as da \u201cTerra do Nunca\u201d, pelo fato de serem \u00f3rf\u00e3s. A professora apresenta os novos alunos. Maria Cec\u00edlia chega e chama a aten\u00e7\u00e3o de Armando por ter feito tudo isso no Caf\u00e9 Boutique sem autoriza\u00e7\u00e3o da diretoria. Armando responde que na aus\u00eancia de Junior e Jos\u00e9 Armando ele \u00e9 o chefe. Na sala infantil, outra professora explica que existe uma regra na escola que ningu\u00e9m pode levar brinquedos. Junior convida Neco para acompanh\u00e1-lo at\u00e9 S\u00e3o Paulo e morar no Orfanato Raio de Luz, onde poder\u00e1 brincar, estudar e ser feliz.<\/p>\n<p>(*) edi\u00e7\u00e3o do SBT, Novela \u201cChiquititas\u201d, sujeito a altera\u00e7\u00e3o de data e conte\u00fado.<\/p>\n<p>Chiquititas gira em torno do orfanato Raio de Luz, que carrega em sua hist\u00f3ria um grande segredo envolvendo a fam\u00edlia e o dono do orfanato, Dr. Jos\u00e9 Ricardo Almeida Campos. Em um per\u00edodo anterior \u00e0 novela, exatos treze anos, sua filha Gabriela se apaixonou e ficou gr\u00e1vida de Miguel, filho de Valentina, empregada da casa dos Almeida Campos. Pouco depois, Jos\u00e9 Ricardo sequestrou sua neta, pois, como um homem conservador, ele n\u00e3o aceitava a ideia de que sua filha se envolvesse com um empregado. Como sua neta, Milena, apelidada como Mili, precisava de um lugar para morar, ele comprou um casar\u00e3o e fundou um orfanato, o Raio de Luz. Mili cresceu l\u00e1 com outras garotas que chegaram posteriormente: Bia, Ana, as irm\u00e3s Tati e Vivi, e Cris. Ao decorrer dos anos, elas se tornam uma fam\u00edlia. Elas s\u00e3o supervisionadas por Ernestina, zeladora do orfanato, e Chico, o cozinheiro amado pelas internas. Sofia, ex-governanta da fam\u00edlia Almeida Campos, \u00e9 a diretora do lugar, at\u00e9 que Carmem, irm\u00e3 de Jos\u00e9 Ricardo, entre em seu lugar. Chegam ainda mais \u00f3rf\u00e3os: Pata, Mosca, Binho e Rafa, que viviam nas ruas antes de entrarem na institui\u00e7\u00e3o. Pata e Mili tornam-se amigas rapidamente, enquanto Mosca, Binho e Rafa s\u00e3o os primeiros garotos a entrar no abrigo. As crian\u00e7as sem-teto foram ajudadas por uma doce e bela garota que tocam e mudam a vida delas, assim como as das garotas \u00f3rf\u00e3s.<\/p>\n","protected":false},"excerpt":{"rendered":"<p>Resumo novela \u201cChiquititas\u201d 26\/07: no cap\u00edtulo 227(*) da novela \u201cChiquititas\u201d, resumo de quarta-feira, 26 de julho, ap\u00f3s uma discuss\u00e3o em casa, Maria Cec\u00edlia decide sair do apartamento para ter um pouco de sossego. Gabriela viaja para Fran\u00e7a. Carmen comemora. Miguel visita a m\u00e3e dele, Valentina, no hospital. A mulher foi atropelada. Junior carrega Neco, que [&hellip;]<\/p>\n","protected":false},"author":4,"featured_media":49690,"comment_status":"open","ping_status":"closed","sticky":false,"template":"","format":"standard","meta":{"tdm_status":"","tdm_grid_status":"","footnotes":""},"categories":[409,379,372,343],"tags":[441],"class_list":{"0":"post-117783","1":"post","2":"type-post","3":"status-publish","4":"format-standard","5":"has-post-thumbnail","7":"category-chiquititas","8":"category-novelas","9":"category-sbt","10":"category-televisao","11":"tag-resumo-do-dia"},"_links":{"self":[{"href":"https:\/\/migracao.redenoticia.com.br\/noticia\/wp-json\/wp\/v2\/posts\/117783","targetHints":{"allow":["GET"]}}],"collection":[{"href":"https:\/\/migracao.redenoticia.com.br\/noticia\/wp-json\/wp\/v2\/posts"}],"about":[{"href":"https:\/\/migracao.redenoticia.com.br\/noticia\/wp-json\/wp\/v2\/types\/post"}],"author":[{"embeddable":true,"href":"https:\/\/migracao.redenoticia.com.br\/noticia\/wp-json\/wp\/v2\/users\/4"}],"replies":[{"embeddable":true,"href":"https:\/\/migracao.redenoticia.com.br\/noticia\/wp-json\/wp\/v2\/comments?post=117783"}],"version-history":[{"count":0,"href":"https:\/\/migracao.redenoticia.com.br\/noticia\/wp-json\/wp\/v2\/posts\/117783\/revisions"}],"wp:featuredmedia":[{"embeddable":true,"href":"https:\/\/migracao.redenoticia.com.br\/noticia\/wp-json\/wp\/v2\/media\/49690"}],"wp:attachment":[{"href":"https:\/\/migracao.redenoticia.com.br\/noticia\/wp-json\/wp\/v2\/media?parent=117783"}],"wp:term":[{"taxonomy":"category","embeddable":true,"href":"https:\/\/migracao.redenoticia.com.br\/noticia\/wp-json\/wp\/v2\/categories?post=117783"},{"taxonomy":"post_tag","embeddable":true,"href":"https:\/\/migracao.redenoticia.com.br\/noticia\/wp-json\/wp\/v2\/tags?post=117783"}],"curies":[{"name":"wp","href":"https:\/\/api.w.org\/{rel}","templated":true}]}}